{"id":118062,"date":"2021-06-05T08:13:51","date_gmt":"2021-06-05T12:13:51","guid":{"rendered":"https:\/\/linitiative.ca\/International\/letat-major-des-far-confirme-les-zones-concernees-par-lexercice-african-lion-2021\/"},"modified":"2021-06-05T08:13:51","modified_gmt":"2021-06-05T12:13:51","slug":"letat-major-des-far-confirme-les-zones-concernees-par-lexercice-african-lion-2021","status":"publish","type":"post","link":"https:\/\/linitiative.ca\/International\/letat-major-des-far-confirme-les-zones-concernees-par-lexercice-african-lion-2021\/","title":{"rendered":"L\u2019Etat-major des FAR confirme les zones concern\u00e9es par l\u2019exercice \u201cAfrican Lion 2021\u201d"},"content":{"rendered":"<p><strong>Selon un communiqu\u00e9 de l\u2019Etat-major des Forces Arm\u00e9es Royales, le Roi a donn\u00e9 ses instructions pour que l\u2019exercice combin\u00e9 maroco-am\u00e9ricain \u00ab\u00a0African Lion 2021\u00a0\u00bb ait lieu du 7 au 18 juin 2021 au sein des r\u00e9gions suivantes\u00a0: Agadir, Tan-Tan, Tifnit, Mahb\u00e8s, Tafraout, Ben Guerir et K\u00e9nitra.<\/strong><\/p>\n<div class=\"c10\">\n<\/div>\n<p>L\u2019exercice \u201cAfrican Lion 2021\u201d, en tant qu\u2019exercice multinational interarm\u00e9es, fait partie des exercices majeurs organis\u00e9 et dirig\u00e9 conjointement par le commandement des \u00c9tats-Unis pour l\u2019Afrique (AFRICOM) et les Forces Arm\u00e9es Royales. En plus des Etats-Unis d\u2019Am\u00e9rique, cette 17<sup>\u00e8me<\/sup> \u00e9dition de cet exercice conna\u00eetra la participation du Br\u00e9sil, du Canada, de la Grande-Bretagne, de la Tunisie, de l\u2019Italie, du S\u00e9n\u00e9gal, des Pays-bas ainsi que de l\u2019alliance atlantique.<\/p>\n<p>S\u2019ajouteront \u00e0 cette liste des observateurs militaires issus d\u2019une trentaine de pays repr\u00e9sentant l\u2019Afrique, l\u2019Europe et l\u2019Am\u00e9rique. L\u2019exercice proposera, en plus de formations et de simulations aux activit\u00e9s du commandement et des entra\u00eenements sur les op\u00e9rations de lutte contre les organismes terroristes violents, des exercices terrestres, a\u00e9roport\u00e9s, a\u00e9riens, maritimes et de d\u00e9contamination NRBC (Nucl\u00e9aire, Radiologique, Biologique et Chimique).<\/p>\n<p><strong>Lire aussi | <a href=\"https:\/\/www.challenge.ma\/le-renseignement-militaire-espagnol-avait-alerte-pedro-sanchez-que-le-sahara-est-un-casus-belli-pour-le-maroc-187083\/\">Le renseignement militaire espagnol avait alert\u00e9 Pedro Sanchez que le Sahara est un \u00abcasus belli\u00bb pour le Maroc [Rapport]<\/a><\/strong><\/p>\n<p>Les objectifs de cet exercice, consid\u00e9r\u00e9 parmi les exercices interalli\u00e9s les plus importants dans le monde, sont nombreux : renforcer les capacit\u00e9s man\u0153uvri\u00e8res des unit\u00e9s participantes; consolider l\u2019interop\u00e9rabilit\u00e9 entre les participants en mati\u00e8re de planification et de conduite d\u2019op\u00e9rations interarm\u00e9es dans le cadre d\u2019une coalition; perfectionner les tactiques, les techniques et les proc\u00e9dures; d\u00e9velopper les aptitudes en mati\u00e8re de cyber-d\u00e9fense, entra\u00eener la composante a\u00e9rienne \u00e0 la conduite des op\u00e9rations de chasse, d\u2019appui et de ravitaillement en vol; consolider la coop\u00e9ration dans le domaine de la s\u00e9curit\u00e9 maritime; conduire des exercices en mer dans le domaine de la tactique navale et des luttes conventionnelles et mener des activit\u00e9s d\u2019ordre humanitaire, a pr\u00e9cis\u00e9 la m\u00eame source.<\/p>\n<p><strong>Lire aussi | <a href=\"https:\/\/www.challenge.ma\/le-conflit-entre-lespagne-et-le-maroc-met-en-danger-le-retour-de-plus-de-12-600-travailleurs-saisonniers-187023\/\">Le conflit entre l\u2019Espagne et le Maroc met en danger le retour de plus de 12 000 travailleurs saisonniers<\/a><\/strong><\/p>\n<p>Cependant, et au niveau des activit\u00e9s parall\u00e8les \u00e0 vocation humanitaire, un H\u00f4pital m\u00e9dicochirurgical de campagne sera d\u00e9ploy\u00e9 au niveau d\u2019Amlen (Tafraout) o\u00f9 des prestations m\u00e9dicales et chirurgicales vont \u00eatre dispens\u00e9es au profit des populations locales de la r\u00e9gion, par des \u00e9quipes m\u00e9dicales constitu\u00e9es de m\u00e9decins et d\u2019infirmiers des FAR et de l\u2019Arm\u00e9e am\u00e9ricaine<\/p>\n<p>Auteur: challenge<br \/>\n<a href=\"https:\/\/www.challenge.ma\/letat-major-des-far-confirme-les-zones-concernees-par-lexercice-african-lion-2021-187155\/\">Cliquez ici pour lire l&rsquo;article depuis sa source.<\/a><\/p>\n","protected":false},"excerpt":{"rendered":"<p>Selon un communiqu\u00e9 de l\u2019Etat-major des Forces Arm\u00e9es Royales, le Roi a donn\u00e9 ses instructions pour que l\u2019exercice combin\u00e9 maroco-am\u00e9ricain \u00ab\u00a0African Lion 2021\u00a0\u00bb ait lieu du 7 au 18 juin 2021 au sein des r\u00e9gions suivantes\u00a0: Agadir, Tan-Tan, Tifnit, Mahb\u00e8s, Tafraout, Ben Guerir et K\u00e9nitra. L\u2019exercice \u201cAfrican Lion 2021\u201d, en tant qu\u2019exercice multinational interarm\u00e9es, fait [&hellip;]<\/p>\n","protected":false},"author":1787,"featured_media":0,"comment_status":"closed","ping_status":"closed","sticky":false,"template":"","format":"standard","meta":{"fifu_image_url":"","fifu_image_alt":"","footnotes":""},"categories":[78,54],"tags":[],"class_list":["post-118062","post","type-post","status-publish","format-standard","hentry","category-economie","category-maroc"],"_links":{"self":[{"href":"https:\/\/linitiative.ca\/International\/wp-json\/wp\/v2\/posts\/118062","targetHints":{"allow":["GET"]}}],"collection":[{"href":"https:\/\/linitiative.ca\/International\/wp-json\/wp\/v2\/posts"}],"about":[{"href":"https:\/\/linitiative.ca\/International\/wp-json\/wp\/v2\/types\/post"}],"author":[{"embeddable":true,"href":"https:\/\/linitiative.ca\/International\/wp-json\/wp\/v2\/users\/1787"}],"replies":[{"embeddable":true,"href":"https:\/\/linitiative.ca\/International\/wp-json\/wp\/v2\/comments?post=118062"}],"version-history":[{"count":0,"href":"https:\/\/linitiative.ca\/International\/wp-json\/wp\/v2\/posts\/118062\/revisions"}],"wp:attachment":[{"href":"https:\/\/linitiative.ca\/International\/wp-json\/wp\/v2\/media?parent=118062"}],"wp:term":[{"taxonomy":"category","embeddable":true,"href":"https:\/\/linitiative.ca\/International\/wp-json\/wp\/v2\/categories?post=118062"},{"taxonomy":"post_tag","embeddable":true,"href":"https:\/\/linitiative.ca\/International\/wp-json\/wp\/v2\/tags?post=118062"}],"curies":[{"name":"wp","href":"https:\/\/api.w.org\/{rel}","templated":true}]}}