{"id":118066,"date":"2021-06-05T07:51:35","date_gmt":"2021-06-05T11:51:35","guid":{"rendered":"https:\/\/linitiative.ca\/International\/sebba-une-centaine-de-civils-tues-a-solhan-le-president-du-faso-decrete-un-deuil-national-de-72-heures\/"},"modified":"2021-06-05T07:51:35","modified_gmt":"2021-06-05T11:51:35","slug":"sebba-une-centaine-de-civils-tues-a-solhan-le-president-du-faso-decrete-un-deuil-national-de-72-heures","status":"publish","type":"post","link":"https:\/\/linitiative.ca\/International\/sebba-une-centaine-de-civils-tues-a-solhan-le-president-du-faso-decrete-un-deuil-national-de-72-heures\/","title":{"rendered":"Sebba: Une centaine de civils tu\u00e9s \u00e0 Solhan, le pr\u00e9sident du Faso d\u00e9cr\u00e8te un deuil national de 72 heures"},"content":{"rendered":"<div class=\"td-post-featured-image\"><a href=\"https:\/\/www.sidwaya.info\/wp-content\/uploads\/2021\/06\/2-1.jpg\" data-caption=\"\"><img loading=\"lazy\" decoding=\"async\" width=\"510\" height=\"322\" class=\"entry-thumb td-modal-image\" src=\"https:\/\/www.sidwaya.info\/wp-content\/uploads\/2021\/06\/2-1.jpg\" srcset=\"https:\/\/www.sidwaya.info\/wp-content\/uploads\/2021\/06\/2-1.jpg 510w, https:\/\/www.sidwaya.info\/wp-content\/uploads\/2021\/06\/2-1-300x189.jpg 300w, https:\/\/www.sidwaya.info\/wp-content\/uploads\/2021\/06\/2-1-150x95.jpg 150w\" sizes=\"auto, (max-width: 510px) 100vw, 510px\" alt=\"\" title=\"2\"\/><\/a><\/div>\n<p>Le village de Solhan a \u00e9t\u00e9 endeuill\u00e9 dans la nuit du 4 au 5 juin 2021 par des individus arm\u00e9s. Cette attaque perp\u00e9tr\u00e9e contre des populations civiles a fait un bilan lourd. Un communiqu\u00e9 du gouvernement, \u00a0fait cas d\u2019un bilan provisoire \u00a0\u00e9tabli par une patrouille du d\u00e9tachement de Sebba d\u2019une centaine de civils sans distinction d\u2019\u00e2ge tu\u00e9s. Plusieurs habitations et le march\u00e9 ont \u00e9t\u00e9 aussi incendi\u00e9s.<\/p>\n<p><img decoding=\"async\" loading=\"lazy\" class=\"alignleft size-full wp-image-36071\" src=\"https:\/\/www.sidwaya.info\/wp-content\/uploads\/2021\/06\/1-7.jpg\" alt=\"\" width=\"534\" height=\"261\" srcset=\"https:\/\/www.sidwaya.info\/wp-content\/uploads\/2021\/06\/1-7.jpg 534w, https:\/\/www.sidwaya.info\/wp-content\/uploads\/2021\/06\/1-7-300x147.jpg 300w, https:\/\/www.sidwaya.info\/wp-content\/uploads\/2021\/06\/1-7-150x73.jpg 150w\" sizes=\"auto, (max-width: 534px) 100vw, 534px\"\/> Face \u00e0 cette trag\u00e9die des forces obscures, indique le communiqu\u00e9, un deuil national de 72 heures, \u00e0 compter de ce jour 5 juin \u00e0 00h00 au lundi 7 juin \u00e0 23h59, est d\u00e9cr\u00e9t\u00e9. Le communiqu\u00e9, sign\u00e9 du porte-parole du gouvernement, Ousseni Tamboura, \u00a0rappelle que les forces de d\u00e9fense et de s\u00e9curit\u00e9 sont \u00e0 pied d\u2019\u0153uvre pour neutraliser ces terroristes et ramener la qui\u00e9tude au sein des populations.<\/p>\n<p>Et, que le gouvernement s\u2019incline devant la m\u00e9moire des victimes et souhaite prompt r\u00e9tablissement aux bless\u00e9s. Il rassure que ces crimes ne resteront pas impunis.<\/p>\n<p><strong>R.I<\/strong><\/p>\n<div class=\"td-a-rec td-a-rec-id-content_bottom tdi_33_b13 td_block_template_1\">\n<p><img loading=\"lazy\" decoding=\"async\" class=\"aligncenter size-full wp-image-27454\" src=\"https:\/\/www.sidwaya.info\/wp-content\/uploads\/2020\/10\/PUB-Bandeau-paiement-mobile-siteweb.jpg\" alt=\"\" width=\"728\" height=\"90\"\/><\/div>\n<p>Auteur: BS. Sidwaya<br \/>\n<a href=\"https:\/\/www.sidwaya.info\/blog\/2021\/06\/05\/sebba-une-centaine-de-civils-tues-a-solhan-le-gouvernement-decrete-un-deuil-national-de-72-heures\/\">Cliquez ici pour lire l&rsquo;article depuis sa source.<\/a><\/p>\n","protected":false},"excerpt":{"rendered":"<p>Le village de Solhan a \u00e9t\u00e9 endeuill\u00e9 dans la nuit du 4 au 5 juin 2021 par des individus arm\u00e9s. Cette attaque perp\u00e9tr\u00e9e contre des populations civiles a fait un bilan lourd. Un communiqu\u00e9 du gouvernement, \u00a0fait cas d\u2019un bilan provisoire \u00a0\u00e9tabli par une patrouille du d\u00e9tachement de Sebba d\u2019une centaine de civils sans distinction [&hellip;]<\/p>\n","protected":false},"author":1816,"featured_media":0,"comment_status":"closed","ping_status":"closed","sticky":false,"template":"","format":"standard","meta":{"fifu_image_url":"https:\/\/www.sidwaya.info\/wp-content\/uploads\/2021\/06\/2-1.jpg","fifu_image_alt":"Sebba: Une centaine de civils tu\u00e9s \u00e0 Solhan, le pr\u00e9sident du Faso d\u00e9cr\u00e8te un deuil national de 72 heures","footnotes":""},"categories":[73,81],"tags":[],"class_list":["post-118066","post","type-post","status-publish","format-standard","hentry","category-actualite","category-burkina-faso"],"_links":{"self":[{"href":"https:\/\/linitiative.ca\/International\/wp-json\/wp\/v2\/posts\/118066","targetHints":{"allow":["GET"]}}],"collection":[{"href":"https:\/\/linitiative.ca\/International\/wp-json\/wp\/v2\/posts"}],"about":[{"href":"https:\/\/linitiative.ca\/International\/wp-json\/wp\/v2\/types\/post"}],"author":[{"embeddable":true,"href":"https:\/\/linitiative.ca\/International\/wp-json\/wp\/v2\/users\/1816"}],"replies":[{"embeddable":true,"href":"https:\/\/linitiative.ca\/International\/wp-json\/wp\/v2\/comments?post=118066"}],"version-history":[{"count":0,"href":"https:\/\/linitiative.ca\/International\/wp-json\/wp\/v2\/posts\/118066\/revisions"}],"wp:attachment":[{"href":"https:\/\/linitiative.ca\/International\/wp-json\/wp\/v2\/media?parent=118066"}],"wp:term":[{"taxonomy":"category","embeddable":true,"href":"https:\/\/linitiative.ca\/International\/wp-json\/wp\/v2\/categories?post=118066"},{"taxonomy":"post_tag","embeddable":true,"href":"https:\/\/linitiative.ca\/International\/wp-json\/wp\/v2\/tags?post=118066"}],"curies":[{"name":"wp","href":"https:\/\/api.w.org\/{rel}","templated":true}]}}