{"id":118067,"date":"2021-06-04T18:18:02","date_gmt":"2021-06-04T22:18:02","guid":{"rendered":"https:\/\/linitiative.ca\/International\/la-cen-sad-salue-la-decision-du-maroc-de-regler-de-maniere-definitive-la-question-des-mineurs-marocains-non-accompagnes\/"},"modified":"2021-06-04T18:18:02","modified_gmt":"2021-06-04T22:18:02","slug":"la-cen-sad-salue-la-decision-du-maroc-de-regler-de-maniere-definitive-la-question-des-mineurs-marocains-non-accompagnes","status":"publish","type":"post","link":"https:\/\/linitiative.ca\/International\/la-cen-sad-salue-la-decision-du-maroc-de-regler-de-maniere-definitive-la-question-des-mineurs-marocains-non-accompagnes\/","title":{"rendered":"La CEN-SAD salue la d\u00e9cision du Maroc de r\u00e9gler de mani\u00e8re d\u00e9finitive la question des mineurs marocains non accompagn\u00e9s"},"content":{"rendered":"<div readability=\"32\">\n<p>Publi\u00e9 le 04.06.2021 \u00e0 23h18 par APA News<\/p>\n<\/div>\n<div readability=\"72\">\n<p>La Communaut\u00e9 des Etats Sah\u00e9lo-Sahariens (CEN-SAD) a salu\u00e9 vendredi la d\u00e9cision sage et perspicace du Roi Mohammed VI de r\u00e9gler de mani\u00e8re d\u00e9finitive la question des mineurs marocains non accompagn\u00e9s, en situation irr\u00e9guli\u00e8re dans certains pays europ\u00e9ens.Dans un communiqu\u00e9, la CEN-SAD a affirm\u00e9 qu\u2019en proc\u00e9dant \u00e0 la prise de cette d\u00e9cision, \u00ab Sa Majest\u00e9 le Roi renforce davantage l\u2019engagement ferme du Royaume du Maroc \u00e0 rapatrier solennellement des mineurs non accompagn\u00e9s, d\u00fbment identifi\u00e9s \u00bb.<\/p>\n<p>La CEN-SAD s\u2019est f\u00e9licit\u00e9e du \u00ab r\u00f4le d\u00e9terminant \u00bb de la diplomatie marocaine conduite par le Souverain en mati\u00e8re de gestion de la migration afro-europ\u00e9enne, soulignant que le Maroc tient \u00e0 pr\u00e9server ses rapports de bon voisinage avec les pays de la rive sud de la M\u00e9diterran\u00e9e.<\/p>\n<p>La Communaut\u00e9 a \u00e9galement salu\u00e9 les dispositions prises par le Royaume pour renforcer la concertation et le dialogue avec les pays europ\u00e9ens et de l\u2019Union europ\u00e9enne en vue de parvenir \u00e0 un r\u00e8glement humain et rapide de la situation des mineurs non accompagn\u00e9s, conform\u00e9ment aux engagements des cadres communs de partenariat notamment, le Dialogue Euro-africain sur la Migration et le D\u00e9veloppement (Processus de Rabat), le Dialogue UE-Afrique, le Partenariat euro-m\u00e9diterran\u00e9en, le Dialogue 5+5 et le Forum mondial sur la migration et le d\u00e9veloppement.<\/p>\n<p>A cet \u00e9gard, la CEN-SAD rappelle l\u2019adoption par le Royaume en 2013 de la Strat\u00e9gie nationale d\u2019immigration et d\u2019asile qui a permis la r\u00e9gularisation de la situation de plusieurs milliers de migrants subsahariens sur le sol marocain entre 2014 et 2020.<\/p>\n<p>Le Souverain marocain a \u00e9t\u00e9 d\u00e9sign\u00e9 par l\u2019Union Africaine, en tant Leader sur la question migratoire afin de trouver des solutions globales et humaines aux questions migratoires sur le continent africain, note la CEN-SAD .<\/p>\n<p>Au regard de toutes ces actions et gr\u00e2ce \u00e0 l\u2019implication personnelle du Souverain, l\u2019Union Africaine s\u2019est dot\u00e9 d\u2019un Observatoire africain des migrations, install\u00e9 depuis 2020 \u00e0 Rabat, ajoute la CEN-SAD.<\/p>\n<\/div>\n<p>Auteur: APA News<br \/>\n<a href=\"https:\/\/www.journalducameroun.com\/la-cen-sad-salue-la-decision-du-maroc-de-regler-de-maniere-definitive-la-question-des-mineurs-marocains-non-accompagnes\/\">Cliquez ici pour lire l&rsquo;article depuis sa source.<\/a><\/p>\n","protected":false},"excerpt":{"rendered":"<p>Publi\u00e9 le 04.06.2021 \u00e0 23h18 par APA News La Communaut\u00e9 des Etats Sah\u00e9lo-Sahariens (CEN-SAD) a salu\u00e9 vendredi la d\u00e9cision sage et perspicace du Roi Mohammed VI de r\u00e9gler de mani\u00e8re d\u00e9finitive la question des mineurs marocains non accompagn\u00e9s, en situation irr\u00e9guli\u00e8re dans certains pays europ\u00e9ens.Dans un communiqu\u00e9, la CEN-SAD a affirm\u00e9 qu\u2019en proc\u00e9dant \u00e0 la [&hellip;]<\/p>\n","protected":false},"author":1965,"featured_media":0,"comment_status":"closed","ping_status":"closed","sticky":false,"template":"","format":"standard","meta":{"fifu_image_url":"","fifu_image_alt":"","footnotes":""},"categories":[73,82],"tags":[],"class_list":["post-118067","post","type-post","status-publish","format-standard","hentry","category-actualite","category-cameroun"],"_links":{"self":[{"href":"https:\/\/linitiative.ca\/International\/wp-json\/wp\/v2\/posts\/118067","targetHints":{"allow":["GET"]}}],"collection":[{"href":"https:\/\/linitiative.ca\/International\/wp-json\/wp\/v2\/posts"}],"about":[{"href":"https:\/\/linitiative.ca\/International\/wp-json\/wp\/v2\/types\/post"}],"author":[{"embeddable":true,"href":"https:\/\/linitiative.ca\/International\/wp-json\/wp\/v2\/users\/1965"}],"replies":[{"embeddable":true,"href":"https:\/\/linitiative.ca\/International\/wp-json\/wp\/v2\/comments?post=118067"}],"version-history":[{"count":0,"href":"https:\/\/linitiative.ca\/International\/wp-json\/wp\/v2\/posts\/118067\/revisions"}],"wp:attachment":[{"href":"https:\/\/linitiative.ca\/International\/wp-json\/wp\/v2\/media?parent=118067"}],"wp:term":[{"taxonomy":"category","embeddable":true,"href":"https:\/\/linitiative.ca\/International\/wp-json\/wp\/v2\/categories?post=118067"},{"taxonomy":"post_tag","embeddable":true,"href":"https:\/\/linitiative.ca\/International\/wp-json\/wp\/v2\/tags?post=118067"}],"curies":[{"name":"wp","href":"https:\/\/api.w.org\/{rel}","templated":true}]}}