{"id":118068,"date":"2021-06-04T19:18:02","date_gmt":"2021-06-04T23:18:02","guid":{"rendered":"https:\/\/linitiative.ca\/International\/migration-lonu-compte-sur-le-maroc-pour-partager-son-experience-avec-les-autres-pays-africains\/"},"modified":"2021-06-04T19:18:02","modified_gmt":"2021-06-04T23:18:02","slug":"migration-lonu-compte-sur-le-maroc-pour-partager-son-experience-avec-les-autres-pays-africains","status":"publish","type":"post","link":"https:\/\/linitiative.ca\/International\/migration-lonu-compte-sur-le-maroc-pour-partager-son-experience-avec-les-autres-pays-africains\/","title":{"rendered":"Migration: L\u2019ONU compte sur le Maroc pour partager son exp\u00e9rience avec les autres pays africains"},"content":{"rendered":"<div readability=\"32\">\n<p>Publi\u00e9 le 05.06.2021 \u00e0 00h18 par APA News<\/p>\n<\/div>\n<div readability=\"66\">\n<p>Le directeur par int\u00e9rim du Bureau de la Commission \u00e9conomique de l\u2019ONU pour l\u2019Afrique (CEA) en Afrique du Nord a indiqu\u00e9 que la CEA compte sur le Maroc\u00a0\u00bb pour partager son exp\u00e9rience et son expertise avec les autres pays africains en mati\u00e8re de migration \u00bb.\u00a0\u00bbNous comptons sur le Maroc pour partager son exp\u00e9rience et son expertise avec les autres pays africains concern\u00e9s par le projet de renforcement des politiques et programmes nationaux africains pour la migration\u00a0\u00bb, a dit M. Hussein \u00e0 l\u2019ouverture de la rencontre consacr\u00e9e \u00e0 la pr\u00e9sentation du rapport d\u2019analyse des statistiques migratoires, r\u00e9alis\u00e9 par le Bureau de la CEA en Afrique du Nord sur le Maroc.<\/p>\n<p>\u00ab\u00a0C\u2019est dans ce sens que nous comptons organiser prochainement une rencontre entre le groupe de travail marocain et les points focaux des cinq autres pays membres du projet \u00e0 Tanger\u00a0\u00bb, a-t-il ajout\u00e9, rapport\u00e9 par un communiqu\u00e9 du Bureau de la CEA en Afrique du Nord, bas\u00e9 \u00e0 Rabat.<\/p>\n<p>\u00ab\u00a0Notre but est de faciliter la mise en place par le Maroc, pays pilote de notre programme, d\u2019un syst\u00e8me national harmonis\u00e9 de statistiques migratoires. Pour y parvenir, notre \u00e9quipe a commenc\u00e9 par \u00e9tablir un diagnostic des statistiques migratoires existantes dans le pays\u00a0\u00bb, a-t-il relev\u00e9.<\/p>\n<p>Le Bureau de la CEA en Afrique du Nord a pr\u00e9sent\u00e9 son rapport d\u2019analyse des statistiques migratoires au Maroc, un travail initi\u00e9 dans le cadre de ses efforts de soutien au renforcement des capacit\u00e9s des pays africains \u00e0 \u00e9laborer des politiques et programmes de migration fond\u00e9s sur des donn\u00e9es factuelles, conformes aux protocoles et cadres internationaux et africains.<\/p>\n<p>Le projet de renforcement des politiques et programmes nationaux africains pour la migration est un projet men\u00e9 par la CEA avec le soutien du D\u00e9partement des Affaires \u00c9conomiques et Sociales des Nations Unies (UNDESA), de l\u2019Organisation Internationale du Travail (OIT) et de l\u2019Organisation Internationale pour les Migrations (OIM).<\/p>\n<\/div>\n<p>Auteur: APA News<br \/>\n<a href=\"https:\/\/www.journalducameroun.com\/migration-lonu-compte-sur-le-maroc-pour-partager-son-experience-avec-les-autres-pays-africains\/\">Cliquez ici pour lire l&rsquo;article depuis sa source.<\/a><\/p>\n","protected":false},"excerpt":{"rendered":"<p>Publi\u00e9 le 05.06.2021 \u00e0 00h18 par APA News Le directeur par int\u00e9rim du Bureau de la Commission \u00e9conomique de l\u2019ONU pour l\u2019Afrique (CEA) en Afrique du Nord a indiqu\u00e9 que la CEA compte sur le Maroc\u00a0\u00bb pour partager son exp\u00e9rience et son expertise avec les autres pays africains en mati\u00e8re de migration \u00bb.\u00a0\u00bbNous comptons sur [&hellip;]<\/p>\n","protected":false},"author":1965,"featured_media":0,"comment_status":"closed","ping_status":"closed","sticky":false,"template":"","format":"standard","meta":{"fifu_image_url":"","fifu_image_alt":"","footnotes":""},"categories":[73,82],"tags":[],"class_list":["post-118068","post","type-post","status-publish","format-standard","hentry","category-actualite","category-cameroun"],"_links":{"self":[{"href":"https:\/\/linitiative.ca\/International\/wp-json\/wp\/v2\/posts\/118068","targetHints":{"allow":["GET"]}}],"collection":[{"href":"https:\/\/linitiative.ca\/International\/wp-json\/wp\/v2\/posts"}],"about":[{"href":"https:\/\/linitiative.ca\/International\/wp-json\/wp\/v2\/types\/post"}],"author":[{"embeddable":true,"href":"https:\/\/linitiative.ca\/International\/wp-json\/wp\/v2\/users\/1965"}],"replies":[{"embeddable":true,"href":"https:\/\/linitiative.ca\/International\/wp-json\/wp\/v2\/comments?post=118068"}],"version-history":[{"count":0,"href":"https:\/\/linitiative.ca\/International\/wp-json\/wp\/v2\/posts\/118068\/revisions"}],"wp:attachment":[{"href":"https:\/\/linitiative.ca\/International\/wp-json\/wp\/v2\/media?parent=118068"}],"wp:term":[{"taxonomy":"category","embeddable":true,"href":"https:\/\/linitiative.ca\/International\/wp-json\/wp\/v2\/categories?post=118068"},{"taxonomy":"post_tag","embeddable":true,"href":"https:\/\/linitiative.ca\/International\/wp-json\/wp\/v2\/tags?post=118068"}],"curies":[{"name":"wp","href":"https:\/\/api.w.org\/{rel}","templated":true}]}}