{"id":118070,"date":"2021-06-05T07:18:02","date_gmt":"2021-06-05T11:18:02","guid":{"rendered":"https:\/\/linitiative.ca\/International\/divers-sujets-au-menu-des-quotidiens-et-hebdomadaires-marocains\/"},"modified":"2021-06-05T07:18:02","modified_gmt":"2021-06-05T11:18:02","slug":"divers-sujets-au-menu-des-quotidiens-et-hebdomadaires-marocains","status":"publish","type":"post","link":"https:\/\/linitiative.ca\/International\/divers-sujets-au-menu-des-quotidiens-et-hebdomadaires-marocains\/","title":{"rendered":"Divers sujets au menu des quotidiens et hebdomadaires marocains"},"content":{"rendered":"<div readability=\"32\">\n<p>Publi\u00e9 le 05.06.2021 \u00e0 12h18 par APA News<\/p>\n<\/div>\n<div readability=\"115\">\n<p>La crise entre le Maroc et l\u2019Espagne, le d\u00e9bat autour du rapport sur le nouveau mod\u00e8le de d\u00e9veloppement et le soutien aux partis politiques pour mener leur campagne \u00e9lectorale, sont les principaux sujets trait\u00e9s par les quotidiens et hebdomadaires marocains parus ce samedi.Abordant la crise entre le Maroc et l\u2019Espagne, d\u00e9clench\u00e9e par l\u2019accueil \u00ab clandestin \u00bb du chef du \u201cpolisario\u201d dans un h\u00f4pital espagnol, +Finances news hebdo+ \u00e9crit que les milieux politiques hostiles au Maroc doivent \u00ab revenir \u00e0 la raison \u00bb et faire preuve de \u00ab discernement \u00bb.<\/p>\n<p>Car, explique le journal, \u00ab le Maroc ne saurait tol\u00e9rer que son Sahara soit instrumentalis\u00e9 pour servir \u00e0 de basses man\u0153uvres politiques \u00bb, ni que \u00ab son voisin du Nord s\u2019allie aux adversaires du Royaume pour porter atteinte \u00e0 son int\u00e9grit\u00e9 territoriale \u00bb.<\/p>\n<p>+Le Temps+ se demande : \u00ab Mais qu\u2019attendent-ils du Maroc ? \u00catre un Etat sans charisme, sans l\u00e9gitimit\u00e9, sans int\u00e9r\u00eats, sans fiert\u00e9 nationale ou sans histoire ? \u00bb se demande.<\/p>\n<p>\u00ab La duplicit\u00e9 ph\u00e9nom\u00e9nale de Madrid restera un cas d\u2019\u00e9cole dans les ann\u00e9es \u00e0 venir \u00bb, estime l\u2019hebdomadaire, soulignant que la question du Sahara marocain \u00ab ne peut faire l\u2019objet d\u2019aucun marchandage, d\u2019aucun compromis, d\u2019aucune intimidation \u00bb.<\/p>\n<p>M\u00eame son, de cl\u00f4che chez +La Nouvelle Tribune+, qui \u00e9crit que bien que le chef des s\u00e9paratistes ait \u00e9t\u00e9 entendu par la justice espagnole, cela \u00ab ne r\u00e8gle en rien la tr\u00e8s grave crise \u00bb qui s\u00e9vit entre les deux pays, car l\u2019affaire Ghali \u00ab n\u2019est rien d\u2019autre que la cons\u00e9quence de l\u2019attitude d\u2019hostilit\u00e9 av\u00e9r\u00e9e du gouvernement de Pedro Sanchez \u00e0 l\u2019endroit de notre cause nationale sacr\u00e9e de marocanit\u00e9 de nos provinces du Sud \u00bb.<\/p>\n<p>\u00ab L\u2019accueil, qui se voulait clandestin du leader des mercenaires s\u00e9paratistes dans un h\u00f4pital espagnol \u00bb est \u00ab la mat\u00e9rialisation de cette alliance contre nature qui allie Madrid et Alger depuis l\u2019arriv\u00e9e au pouvoir du dirigeant du PSOE \u00bb, souligne la publication.<\/p>\n<p>\u00c9voquant le d\u00e9bat autour du rapport sur le nouveau mod\u00e8le de d\u00e9veloppement, +Challenge+ estime que ce d\u00e9bat \u00ab est sain \u00bb, et qu\u2019il ne faudrait pas, en cons\u00e9quence, en faire une \u00ab question politicienne \u00bb.<\/p>\n<p>Car \u00ab l\u2019urgence, c\u2019est cette sortie de crise \u00bb, \u00ab c\u2019est de sauver le maximum d\u2019entreprises pour assurer une relance qui ne concerne que peu les grandes entreprises \u00bb, rel\u00e8ve le journal.<\/p>\n<p>\u00ab Maintenant, il faut se consacrer sur l\u2019essentiel qui est le sauvetage de la RAM, du secteur touristique, le soutien bancaire \u00e0 ceux qui red\u00e9marrent et la sauvegarde de l\u2019emploi \u00bb, ajoute-t-il.<\/p>\n<p>+Al Massae+ rapporte que le gouvernement a d\u00e9cid\u00e9 d\u2019accorder un soutien total de 360 millions de dirhams (1 euro = 10,8 DH) pour contribuer au financement des campagnes \u00e9lectorales des partis et syndicats participant aux prochaines \u00e9lections l\u00e9gislatives, communales et r\u00e9gionales.<\/p>\n<p>Sur proposition des ministres de l\u2019Int\u00e9rieur, de la Justice, des Finances et de la R\u00e9forme de l\u2019Administration, le chef de gouvernement, Saad Dine El Otmani, a pris la d\u00e9cision d\u2019affecter 180 millions de dirhams au titre de la contribution de l\u2019Etat au financement de campagnes \u00e9lectorales men\u00e9es par les partis politiques qui participeront aux \u00e9lections du 8 septembre 2021, dont 100 millions pour les \u00e9lections communales et 80 millions pour les r\u00e9gionales, fait savoir le quotidien.<\/p>\n<\/div>\n<p>Auteur: APA News<br \/>\n<a href=\"https:\/\/www.journalducameroun.com\/divers-sujets-au-menu-des-quotidiens-et-hebdomadaires-marocains-2\/\">Cliquez ici pour lire l&rsquo;article depuis sa source.<\/a><\/p>\n","protected":false},"excerpt":{"rendered":"<p>Publi\u00e9 le 05.06.2021 \u00e0 12h18 par APA News La crise entre le Maroc et l\u2019Espagne, le d\u00e9bat autour du rapport sur le nouveau mod\u00e8le de d\u00e9veloppement et le soutien aux partis politiques pour mener leur campagne \u00e9lectorale, sont les principaux sujets trait\u00e9s par les quotidiens et hebdomadaires marocains parus ce samedi.Abordant la crise entre le [&hellip;]<\/p>\n","protected":false},"author":1965,"featured_media":0,"comment_status":"closed","ping_status":"closed","sticky":false,"template":"","format":"standard","meta":{"fifu_image_url":"","fifu_image_alt":"","footnotes":""},"categories":[73,82],"tags":[],"class_list":["post-118070","post","type-post","status-publish","format-standard","hentry","category-actualite","category-cameroun"],"_links":{"self":[{"href":"https:\/\/linitiative.ca\/International\/wp-json\/wp\/v2\/posts\/118070","targetHints":{"allow":["GET"]}}],"collection":[{"href":"https:\/\/linitiative.ca\/International\/wp-json\/wp\/v2\/posts"}],"about":[{"href":"https:\/\/linitiative.ca\/International\/wp-json\/wp\/v2\/types\/post"}],"author":[{"embeddable":true,"href":"https:\/\/linitiative.ca\/International\/wp-json\/wp\/v2\/users\/1965"}],"replies":[{"embeddable":true,"href":"https:\/\/linitiative.ca\/International\/wp-json\/wp\/v2\/comments?post=118070"}],"version-history":[{"count":0,"href":"https:\/\/linitiative.ca\/International\/wp-json\/wp\/v2\/posts\/118070\/revisions"}],"wp:attachment":[{"href":"https:\/\/linitiative.ca\/International\/wp-json\/wp\/v2\/media?parent=118070"}],"wp:term":[{"taxonomy":"category","embeddable":true,"href":"https:\/\/linitiative.ca\/International\/wp-json\/wp\/v2\/categories?post=118070"},{"taxonomy":"post_tag","embeddable":true,"href":"https:\/\/linitiative.ca\/International\/wp-json\/wp\/v2\/tags?post=118070"}],"curies":[{"name":"wp","href":"https:\/\/api.w.org\/{rel}","templated":true}]}}