{"id":118071,"date":"2021-06-05T07:18:03","date_gmt":"2021-06-05T11:18:03","guid":{"rendered":"https:\/\/linitiative.ca\/International\/senegal-divers-sujets-font-la-une-des-quotidiens\/"},"modified":"2021-06-05T07:18:03","modified_gmt":"2021-06-05T11:18:03","slug":"senegal-divers-sujets-font-la-une-des-quotidiens","status":"publish","type":"post","link":"https:\/\/linitiative.ca\/International\/senegal-divers-sujets-font-la-une-des-quotidiens\/","title":{"rendered":"S\u00e9n\u00e9gal : divers sujets font la Une des quotidiens"},"content":{"rendered":"<div readability=\"32\">\n<p>Publi\u00e9 le 05.06.2021 \u00e0 12h18 par APA News<\/p>\n<\/div>\n<div readability=\"105\">\n<p>Les quotidiens s\u00e9n\u00e9galais, parvenus ce samedi \u00e0 APA, traitent d\u2019une diversit\u00e9 de sujets portant sur la politique, l\u2019environnement et la culture.\u00ab Candidature \u00e0 la mairie de Dakar : Soham l\u00e8ve le voile \u00bb titre Le Quotidien avant d\u2019\u00e9crire ceci : \u00ab Le maire de Dakar brise le silence. Soham Wardini n\u2019a pas d\u00e9clar\u00e9 sa candidature, mais souhaite que la liste de Taxawu Dakar soit dirig\u00e9e par une femme. Elle dit \u00eatre +pr\u00eate+ si elle est choisie. \u00bb<\/p>\n<p>WalfQuotidien r\u00e9v\u00e8le que \u00ab le pr\u00e9sident Macky Sall fait face aux pressions des partis alli\u00e9s \u00bb pour la confection des listes pour les prochaines \u00e9lections locales. \u00ab Les \u00e9lections locales sont fix\u00e9es le 23 janvier 2022. Avec sa coalition Bennoo bokk yaakaar, le pr\u00e9sident Macky Sall devra faire des arbitrages qui vont n\u00e9cessairement faire des m\u00e9contents. Les attentes sont d\u00e9j\u00e0 l\u00e0 puisque ces partis alli\u00e9s r\u00e9clament leur +v\u00e9ritable+ place au sein de la coalition pr\u00e9sidentielle \u00bb, note le journal.<\/p>\n<p>L\u2019Observateur dresse le portrait du ministre des Collectivit\u00e9s territoriales, du d\u00e9veloppement et de l\u2019am\u00e9nagement du territoire, Oumar Gu\u00e8ye, \u00ab nouvel homme fort du r\u00e9gime \u00bb. \u00ab Il fait partie des hommes forts du gouvernement. Ministre des Collectivit\u00e9s territoriales, du d\u00e9veloppement et de l\u2019am\u00e9nagement du territoire, porte-parole du gouvernement, Oumar Gu\u00e8ye est aussi la main qui a d\u00e9coup\u00e9 les nouveaux territoires administratifs de la r\u00e9gion de Dakar, fait remarquer la publication.<\/p>\n<p>Sud Quotidien s\u2019int\u00e9resse \u00e0 \u00ab la hausse g\u00e9n\u00e9ralis\u00e9e du prix de la viande, de l\u2019huile, du riz\u2026 \u00bb et arbore cette Une : \u00ab Goorgorlu (d\u00e9brouillard) sous pression \u00bb. \u00ab Tension sur le march\u00e9 des denr\u00e9es de premi\u00e8re n\u00e9cessit\u00e9 : la hausse des prix de la viande, de l\u2019huile, du riz est en passe de pr\u00e9cariser le S\u00e9n\u00e9galais lambda dont la bourse est d\u00e9j\u00e0 s\u00e9rieusement fragilis\u00e9e par la Covid-19 et ses dommages collat\u00e9raux \u00bb, rel\u00e8ve le quotidien.\u00a0<\/p>\n<p>\u00ab Face \u00e0 cette hausse (\u2026.), le gouvernement semble avouer son impuissance, suscitant d\u00e9sarroi chez le +goorgorlu+ et incompr\u00e9hension au niveau des associations consum\u00e9ristes. Quant aux regroupements de commer\u00e7ants, ils pr\u00e9f\u00e8rent parler de tension passag\u00e8re et d\u2019un retour \u00e0 la normale bient\u00f4t \u00bb, ajoute le journal.<\/p>\n<p>En cette journ\u00e9e de l\u2019Environnement, L\u2019AS alerte sur la disparition de for\u00eats et la destruction des dunes de sable dans la r\u00e9gion de Ziguinchor et affiche \u00e0 sa Une : \u00ab L\u2019environnement en p\u00e9ril \u00bb.<\/p>\n<p>\u00ab Le pillage des ressources foresti\u00e8res du d\u00e9partement de Bignona, la destruction des dunes de sable dans la commune de Di\u00e9mb\u00e9ring et les changements climatiques ont fortement agress\u00e9 ces derni\u00e8res d\u00e9cennies l\u2019environnement de la r\u00e9gion de Ziguinchor \u00bb, souligne L\u2019AS.<\/p>\n<p>Selon le journal, \u00ab \u00e0 part le Bubajum Ayi (Royaume d\u2019Oussouye) qui fait figure d\u2019exception, toute la r\u00e9gion est sous la menace d\u2019un p\u00e9ril environnemental \u00bb.<\/p>\n<p>Dans sa livraison du jour, Le Soleil met en exergue le conte, \u00ab cet art oratoire devenu inaudible \u00bb. \u00ab V\u00e9hicule de culture, de valeurs sociales, le conte oral est de plus en plus bouscul\u00e9 par les nouvelles habitudes de la vie. Entre urbanisation galopante, influence de la t\u00e9l\u00e9vision, des nouvelles technologies\u2026ce genre litt\u00e9raire peine \u00e0 trouver un cadre d\u2019expression, note le quotidien national.<\/p>\n<\/div>\n<p>Auteur: APA News<br \/>\n<a href=\"https:\/\/www.journalducameroun.com\/senegal-divers-sujets-font-la-une-des-quotidiens\/\">Cliquez ici pour lire l&rsquo;article depuis sa source.<\/a><\/p>\n","protected":false},"excerpt":{"rendered":"<p>Publi\u00e9 le 05.06.2021 \u00e0 12h18 par APA News Les quotidiens s\u00e9n\u00e9galais, parvenus ce samedi \u00e0 APA, traitent d\u2019une diversit\u00e9 de sujets portant sur la politique, l\u2019environnement et la culture.\u00ab Candidature \u00e0 la mairie de Dakar : Soham l\u00e8ve le voile \u00bb titre Le Quotidien avant d\u2019\u00e9crire ceci : \u00ab Le maire de Dakar brise le [&hellip;]<\/p>\n","protected":false},"author":1965,"featured_media":0,"comment_status":"closed","ping_status":"closed","sticky":false,"template":"","format":"standard","meta":{"fifu_image_url":"","fifu_image_alt":"","footnotes":""},"categories":[73,82],"tags":[],"class_list":["post-118071","post","type-post","status-publish","format-standard","hentry","category-actualite","category-cameroun"],"_links":{"self":[{"href":"https:\/\/linitiative.ca\/International\/wp-json\/wp\/v2\/posts\/118071","targetHints":{"allow":["GET"]}}],"collection":[{"href":"https:\/\/linitiative.ca\/International\/wp-json\/wp\/v2\/posts"}],"about":[{"href":"https:\/\/linitiative.ca\/International\/wp-json\/wp\/v2\/types\/post"}],"author":[{"embeddable":true,"href":"https:\/\/linitiative.ca\/International\/wp-json\/wp\/v2\/users\/1965"}],"replies":[{"embeddable":true,"href":"https:\/\/linitiative.ca\/International\/wp-json\/wp\/v2\/comments?post=118071"}],"version-history":[{"count":0,"href":"https:\/\/linitiative.ca\/International\/wp-json\/wp\/v2\/posts\/118071\/revisions"}],"wp:attachment":[{"href":"https:\/\/linitiative.ca\/International\/wp-json\/wp\/v2\/media?parent=118071"}],"wp:term":[{"taxonomy":"category","embeddable":true,"href":"https:\/\/linitiative.ca\/International\/wp-json\/wp\/v2\/categories?post=118071"},{"taxonomy":"post_tag","embeddable":true,"href":"https:\/\/linitiative.ca\/International\/wp-json\/wp\/v2\/tags?post=118071"}],"curies":[{"name":"wp","href":"https:\/\/api.w.org\/{rel}","templated":true}]}}