{"id":118080,"date":"2021-06-05T17:59:27","date_gmt":"2021-06-05T21:59:27","guid":{"rendered":"https:\/\/linitiative.ca\/International\/mise-en-place-dun-pass-vaccinal-pour-les-personnes-ayant-recu-les-2-doses\/"},"modified":"2021-06-05T17:59:27","modified_gmt":"2021-06-05T21:59:27","slug":"mise-en-place-dun-pass-vaccinal-pour-les-personnes-ayant-recu-les-2-doses","status":"publish","type":"post","link":"https:\/\/linitiative.ca\/International\/mise-en-place-dun-pass-vaccinal-pour-les-personnes-ayant-recu-les-2-doses\/","title":{"rendered":"Mise en place d\u2019un pass vaccinal pour les personnes ayant re\u00e7u les 2 doses"},"content":{"rendered":"<div class=\"single-featured\"><img alt=\"\" data-src=\"http:\/\/www.mapoujda.ma\/map\/uploads\/2021\/06\/Un-septuag\u00e9naire-re\u00e7oit-la-premi\u00e8re-dose-du-vaccin-anti-Covid-19-750\u00d7430-MAP.jpg\"\/><\/div>\n<div class=\"entry-content clearfix single-post-content\" readability=\"60\">\n<p class=\"c4\">En application des recommandations du comit\u00e9 scientifique, le gouvernement a mis en place un pass vaccinal que les personnes ayant re\u00e7u les deux doses de vaccin contre le Covid-19 peuvent t\u00e9l\u00e9charger, \u00e0 partir du lundi 7 juin, sur le site www.liqahcorona.ma.<\/p>\n<p class=\"c4\">Dans un communiqu\u00e9, le gouvernement pr\u00e9cise que ce pass vaccinal est un document officiel, s\u00e9curis\u00e9 et reconnu par les autorit\u00e9s, qui permet \u00e0 son d\u00e9tenteur, sans nul besoin de document suppl\u00e9mentaire, d\u2019effectuer des d\u00e9placements sur l\u2019ensemble du territoire national sans restriction, de circuler au-del\u00e0 de 23 heures et de voyager \u00e0 l\u2019\u00e9tranger.<\/p>\n<p class=\"c4\">De m\u00eame, le pass vaccinal qui est dot\u00e9 d\u2019un code QR lui permettant d\u2019\u00eatre authentifi\u00e9 via une application pr\u00e9vue \u00e0 cet effet, peut \u00eatre t\u00e9l\u00e9charg\u00e9 sous format imprimable ou \u00e9lectronique pour \u00eatre pr\u00e9sent\u00e9 sur smartphone.<\/p>\n<p class=\"c4\">Il peut \u00e9galement \u00eatre retir\u00e9, sous format papier, aupr\u00e8s des autorit\u00e9s locales du ressort desquelles se trouve le centre de vaccination de la personne concern\u00e9e, pr\u00e9cise le communiqu\u00e9.<\/p>\n<\/div>\n<p>Auteur: Soufiane ELAHMAR<br \/>\n<a href=\"http:\/\/www.mapoujda.ma\/fr\/mise-en-place-dun-pass-vaccinal-pour-les-personnes-ayant-recu-les-2-doses\/\">Cliquez ici pour lire l&rsquo;article depuis sa source.<\/a><\/p>\n","protected":false},"excerpt":{"rendered":"<p>En application des recommandations du comit\u00e9 scientifique, le gouvernement a mis en place un pass vaccinal que les personnes ayant re\u00e7u les deux doses de vaccin contre le Covid-19 peuvent t\u00e9l\u00e9charger, \u00e0 partir du lundi 7 juin, sur le site www.liqahcorona.ma. Dans un communiqu\u00e9, le gouvernement pr\u00e9cise que ce pass vaccinal est un document officiel, [&hellip;]<\/p>\n","protected":false},"author":1788,"featured_media":0,"comment_status":"closed","ping_status":"closed","sticky":false,"template":"","format":"standard","meta":{"fifu_image_url":"http:\/\/www.mapoujda.ma\/map\/uploads\/2021\/06\/Un-septuag\u00e9naire-re\u00e7oit-la-premi\u00e8re-dose-du-vaccin-anti-Covid-19-750\u00d7430-MAP.jpg","fifu_image_alt":"Mise en place d\u2019un pass vaccinal pour les personnes ayant re\u00e7u les 2 doses","footnotes":""},"categories":[54,76],"tags":[],"class_list":["post-118080","post","type-post","status-publish","format-standard","hentry","category-maroc","category-regions"],"_links":{"self":[{"href":"https:\/\/linitiative.ca\/International\/wp-json\/wp\/v2\/posts\/118080","targetHints":{"allow":["GET"]}}],"collection":[{"href":"https:\/\/linitiative.ca\/International\/wp-json\/wp\/v2\/posts"}],"about":[{"href":"https:\/\/linitiative.ca\/International\/wp-json\/wp\/v2\/types\/post"}],"author":[{"embeddable":true,"href":"https:\/\/linitiative.ca\/International\/wp-json\/wp\/v2\/users\/1788"}],"replies":[{"embeddable":true,"href":"https:\/\/linitiative.ca\/International\/wp-json\/wp\/v2\/comments?post=118080"}],"version-history":[{"count":0,"href":"https:\/\/linitiative.ca\/International\/wp-json\/wp\/v2\/posts\/118080\/revisions"}],"wp:attachment":[{"href":"https:\/\/linitiative.ca\/International\/wp-json\/wp\/v2\/media?parent=118080"}],"wp:term":[{"taxonomy":"category","embeddable":true,"href":"https:\/\/linitiative.ca\/International\/wp-json\/wp\/v2\/categories?post=118080"},{"taxonomy":"post_tag","embeddable":true,"href":"https:\/\/linitiative.ca\/International\/wp-json\/wp\/v2\/tags?post=118080"}],"curies":[{"name":"wp","href":"https:\/\/api.w.org\/{rel}","templated":true}]}}