{"id":118081,"date":"2021-06-06T12:37:23","date_gmt":"2021-06-06T16:37:23","guid":{"rendered":"https:\/\/linitiative.ca\/International\/oujda-le-28eme-festival-de-la-musique-gharnati-du-10-au-13-juin\/"},"modified":"2021-06-06T12:37:23","modified_gmt":"2021-06-06T16:37:23","slug":"oujda-le-28eme-festival-de-la-musique-gharnati-du-10-au-13-juin","status":"publish","type":"post","link":"https:\/\/linitiative.ca\/International\/oujda-le-28eme-festival-de-la-musique-gharnati-du-10-au-13-juin\/","title":{"rendered":"Oujda : Le 28\u00e8me Festival de la musique Gharnati, du 10 au 13 juin"},"content":{"rendered":"<p class=\"c4\">Le Th\u00e9\u00e2tre Mohammed VI d\u2019Oujda accueillera, du 10 au 13 juin courant, la 28\u00e8me \u00e9dition du Festival de la musique Gharnati, plac\u00e9e sous le th\u00e8me \u00abLa musique Gharnati, une reconnaissance pour un art ancestral\u00bb.<\/p>\n<p class=\"c4\">Ce festival, organis\u00e9 par le minist\u00e8re de la Culture et de la jeunesse \u2013 Secteur de la Culture, sous le Haut patronage de SM le Roi Mohammed VI, s\u2019inscrit dans le cadre de la pr\u00e9servation du patrimoine artistique national, ainsi que pour all\u00e9ger les effets n\u00e9gatifs de la pand\u00e9mie de Covid-19 sur la pratique artistique au Maroc, indique un communiqu\u00e9 de la Direction r\u00e9gionale de la Culture.<\/p>\n<p class=\"c4\">Ce rendez-vous culturel c\u00e9l\u00e8bre la musique Gharnati en tant qu\u2019h\u00e9ritage f\u00e9cond et l\u2019une des expressions artistiques les plus distingu\u00e9es qui caract\u00e9risent le patrimoine marocain, indique le communiqu\u00e9.<\/p>\n<p class=\"c4\">Ce patrimoine ne se limite pas au chant, mais englobe plusieurs facettes lumineuses de la civilisation marocaine, comme la profusion de ses m\u00e9lodies et ses rythmes, l\u2019utilisation d\u2019instruments originaux depuis des centaines d\u2019ann\u00e9es, une po\u00e9sie \u00e9loquente et gracieuse et les habits distingu\u00e9s des chanteurs et musiciens.<\/p>\n<p class=\"c4\">Le festival, que la ville d\u2019Oujda accueille depuis pr\u00e8s de trois d\u00e9cennies, vise \u00e0 consacrer la place de choix qu\u2019occupent ce patrimoine musical et ses grandes figures dans le paysage culturel national, de m\u00eame qu\u2019il entend cette ann\u00e9e concr\u00e9tiser le retour des activit\u00e9s et \u00e9v\u00e8nements culturels, apr\u00e8s un arr\u00eat forc\u00e9 dict\u00e9 par la pand\u00e9mie du nouveau coronavirus.<\/p>\n<p class=\"c4\">Il s\u2019agit aussi de consolider la culture marocaine sous toutes ses formes et manifestations, renforcer le rayonnement culturel et artistique d\u2019Oujda et mettre la lumi\u00e8re sur la richesse du patrimoine de cette ville mill\u00e9naire et sur son r\u00f4le pionnier dans la pr\u00e9servation de cette musique ancestrale, soulignent les organisateurs.<\/p>\n<p class=\"c4\">A cet effet, la 28\u00e8me \u00e9dition de ce festival, qui se d\u00e9roulera en pr\u00e9sentiel et en distanciel \u00e0 travers la page Facebook officielle de la Direction r\u00e9gionale de la Culture, a mis en place un programme culturel et artistique riche et vari\u00e9, comprenant notamment des spectacles au Th\u00e9\u00e2tre Mohammed VI d\u2019Oujda, avec la participation d\u2019orchestres de renom.<\/p>\n<p class=\"c4\">A l\u2019instar des pr\u00e9c\u00e9dentes \u00e9ditions, le festival rendra aussi un hommage aux pionniers et grands noms de la musique Gharnati, conclut le communiqu\u00e9.<\/p>\n<p>Auteur: Soufiane ELAHMAR<br \/>\n<a href=\"http:\/\/www.mapoujda.ma\/fr\/oujda-le-28eme-festival-de-la-musique-gharnati-du-10-au-13-juin\/\">Cliquez ici pour lire l&rsquo;article depuis sa source.<\/a><\/p>\n","protected":false},"excerpt":{"rendered":"<p>Le Th\u00e9\u00e2tre Mohammed VI d\u2019Oujda accueillera, du 10 au 13 juin courant, la 28\u00e8me \u00e9dition du Festival de la musique Gharnati, plac\u00e9e sous le th\u00e8me \u00abLa musique Gharnati, une reconnaissance pour un art ancestral\u00bb. Ce festival, organis\u00e9 par le minist\u00e8re de la Culture et de la jeunesse \u2013 Secteur de la Culture, sous le Haut [&hellip;]<\/p>\n","protected":false},"author":1788,"featured_media":0,"comment_status":"closed","ping_status":"closed","sticky":false,"template":"","format":"standard","meta":{"fifu_image_url":"","fifu_image_alt":"","footnotes":""},"categories":[54,76],"tags":[],"class_list":["post-118081","post","type-post","status-publish","format-standard","hentry","category-maroc","category-regions"],"_links":{"self":[{"href":"https:\/\/linitiative.ca\/International\/wp-json\/wp\/v2\/posts\/118081","targetHints":{"allow":["GET"]}}],"collection":[{"href":"https:\/\/linitiative.ca\/International\/wp-json\/wp\/v2\/posts"}],"about":[{"href":"https:\/\/linitiative.ca\/International\/wp-json\/wp\/v2\/types\/post"}],"author":[{"embeddable":true,"href":"https:\/\/linitiative.ca\/International\/wp-json\/wp\/v2\/users\/1788"}],"replies":[{"embeddable":true,"href":"https:\/\/linitiative.ca\/International\/wp-json\/wp\/v2\/comments?post=118081"}],"version-history":[{"count":0,"href":"https:\/\/linitiative.ca\/International\/wp-json\/wp\/v2\/posts\/118081\/revisions"}],"wp:attachment":[{"href":"https:\/\/linitiative.ca\/International\/wp-json\/wp\/v2\/media?parent=118081"}],"wp:term":[{"taxonomy":"category","embeddable":true,"href":"https:\/\/linitiative.ca\/International\/wp-json\/wp\/v2\/categories?post=118081"},{"taxonomy":"post_tag","embeddable":true,"href":"https:\/\/linitiative.ca\/International\/wp-json\/wp\/v2\/tags?post=118081"}],"curies":[{"name":"wp","href":"https:\/\/api.w.org\/{rel}","templated":true}]}}