{"id":118082,"date":"2021-06-06T12:44:33","date_gmt":"2021-06-06T16:44:33","guid":{"rendered":"https:\/\/linitiative.ca\/International\/oujda-accueille-le-2eme-sommet-regional-du-programme-rifinno\/"},"modified":"2021-06-06T12:44:33","modified_gmt":"2021-06-06T16:44:33","slug":"oujda-accueille-le-2eme-sommet-regional-du-programme-rifinno","status":"publish","type":"post","link":"https:\/\/linitiative.ca\/International\/oujda-accueille-le-2eme-sommet-regional-du-programme-rifinno\/","title":{"rendered":"Oujda accueille le 2\u00e8me Sommet r\u00e9gional du programme Rif\u2019Inno"},"content":{"rendered":"<p class=\"c4\">L\u2019association Enactus Morocco a organis\u00e9, samedi \u00e0 Oujda en partenariat avec l\u2019Ambassade des Pays-Bas, le 2\u00e8me Sommet r\u00e9gional du programme \u00abRif\u2019Inno\u00bb, visant \u00e0 former et accompagner les jeunes pour la cr\u00e9ation de projets d\u2019entrepreneuriat r\u00e9pondant aux besoins sociaux.<\/p>\n<p class=\"c4\">Ce programme, ayant pour but de promouvoir l\u2019esprit d\u2019entrepreneuriat chez les jeunes et accompagner et soutenir leurs initiatives entrepreneuriales au niveau des r\u00e9gions de Tanger-T\u00e9touan-Al Hoceima et de l\u2019Oriental, ambitionne d\u2019encadrer quelque 600 jeunes et cr\u00e9er 20 entreprises sociales.<\/p>\n<p class=\"c4\">Ce deuxi\u00e8me sommet r\u00e9gional de Rif\u2019Inno, tenu en partenariat avec l\u2019Universit\u00e9 Mohammed Premier d\u2019Oujda en pr\u00e9sence de repr\u00e9sentants de l\u2019Ambassade des Pays-Bas au Maroc, d\u2019acteurs locaux et d\u2019entrepreneurs, a connu la participation d\u2019une centaine de jeunes porteurs de projets et vient couronner 16 mois de pr\u00e9paration.<\/p>\n<p class=\"c4\">Le programme Rif\u2019Inno a pour objectifs de former et d\u2019accompagner les jeunes dans la cr\u00e9ation et l\u2019impl\u00e9mentation des projets d\u2019entrepreneuriat r\u00e9pondant aux besoins sociaux. Il repr\u00e9sente une opportunit\u00e9 pour les jeunes des deux r\u00e9gions cibles pour d\u00e9velopper leurs comp\u00e9tences telles que la cr\u00e9ativit\u00e9, le leadership, la prise d\u2019initiative, la gestion de projet et d\u2019\u00e9quipe, et le business modeling tout en les connectant \u00e0 des mentors et opportunit\u00e9s de d\u00e9veloppement.<\/p>\n<p class=\"c4\">Accompagn\u00e9s par des conseillers et des experts, ces jeunes, qui b\u00e9n\u00e9ficient du renforcement de leur employabilit\u00e9, sont orient\u00e9s vers l\u2019entrepreneuriat social en vue de lancer leurs propres projets.<\/p>\n<p class=\"c4\">A noter que le premier sommet r\u00e9gional du programme Rif\u2019Inno s\u2019est tenu en mars dernier \u00e0 Tanger.<\/p>\n<p class=\"c4\">Cr\u00e9\u00e9e en 2003, Enactus Morocco est une association qui compte actuellement plus de 120 \u00e9tablissements d\u2019enseignement sup\u00e9rieur dans son r\u00e9seau, et plus de 6.000 jeunes \u00e9tudiants qui d\u00e9veloppent et impl\u00e9mentent au niveau de leurs communaut\u00e9s en moyenne pr\u00e8s de 200 projets durables par an.<\/p>\n<p>Auteur: Soufiane ELAHMAR<br \/>\n<a href=\"http:\/\/www.mapoujda.ma\/fr\/oujda-accueille-le-2eme-sommet-regional-du-programme-rifinno\/\">Cliquez ici pour lire l&rsquo;article depuis sa source.<\/a><\/p>\n","protected":false},"excerpt":{"rendered":"<p>L\u2019association Enactus Morocco a organis\u00e9, samedi \u00e0 Oujda en partenariat avec l\u2019Ambassade des Pays-Bas, le 2\u00e8me Sommet r\u00e9gional du programme \u00abRif\u2019Inno\u00bb, visant \u00e0 former et accompagner les jeunes pour la cr\u00e9ation de projets d\u2019entrepreneuriat r\u00e9pondant aux besoins sociaux. Ce programme, ayant pour but de promouvoir l\u2019esprit d\u2019entrepreneuriat chez les jeunes et accompagner et soutenir leurs [&hellip;]<\/p>\n","protected":false},"author":1788,"featured_media":0,"comment_status":"closed","ping_status":"closed","sticky":false,"template":"","format":"standard","meta":{"fifu_image_url":"","fifu_image_alt":"","footnotes":""},"categories":[54,76],"tags":[],"class_list":["post-118082","post","type-post","status-publish","format-standard","hentry","category-maroc","category-regions"],"_links":{"self":[{"href":"https:\/\/linitiative.ca\/International\/wp-json\/wp\/v2\/posts\/118082","targetHints":{"allow":["GET"]}}],"collection":[{"href":"https:\/\/linitiative.ca\/International\/wp-json\/wp\/v2\/posts"}],"about":[{"href":"https:\/\/linitiative.ca\/International\/wp-json\/wp\/v2\/types\/post"}],"author":[{"embeddable":true,"href":"https:\/\/linitiative.ca\/International\/wp-json\/wp\/v2\/users\/1788"}],"replies":[{"embeddable":true,"href":"https:\/\/linitiative.ca\/International\/wp-json\/wp\/v2\/comments?post=118082"}],"version-history":[{"count":0,"href":"https:\/\/linitiative.ca\/International\/wp-json\/wp\/v2\/posts\/118082\/revisions"}],"wp:attachment":[{"href":"https:\/\/linitiative.ca\/International\/wp-json\/wp\/v2\/media?parent=118082"}],"wp:term":[{"taxonomy":"category","embeddable":true,"href":"https:\/\/linitiative.ca\/International\/wp-json\/wp\/v2\/categories?post=118082"},{"taxonomy":"post_tag","embeddable":true,"href":"https:\/\/linitiative.ca\/International\/wp-json\/wp\/v2\/tags?post=118082"}],"curies":[{"name":"wp","href":"https:\/\/api.w.org\/{rel}","templated":true}]}}