{"id":118083,"date":"2021-06-06T05:49:21","date_gmt":"2021-06-06T09:49:21","guid":{"rendered":"https:\/\/linitiative.ca\/International\/cote-divoire-la-sib-filiale-dawb-sallie-a-proparco-pour-la-resilience-des-entreprises\/"},"modified":"2021-06-06T05:49:21","modified_gmt":"2021-06-06T09:49:21","slug":"cote-divoire-la-sib-filiale-dawb-sallie-a-proparco-pour-la-resilience-des-entreprises","status":"publish","type":"post","link":"https:\/\/linitiative.ca\/International\/cote-divoire-la-sib-filiale-dawb-sallie-a-proparco-pour-la-resilience-des-entreprises\/","title":{"rendered":"C\u00f4te d\u2019ivoire: La SIB, filiale d\u2019AWB, s\u2019allie \u00e0 Proparco pour la r\u00e9silience des entreprises"},"content":{"rendered":"<p class=\"rtejustify\">La Soci\u00e9t\u00e9 ivoirienne de banque (SIB), filiale d\u2019Attijariwafa bank (AWB), et Proparco, filiale de l\u2019Agence fran\u00e7aise de d\u00e9veloppement (AFD) d\u00e9di\u00e9e au secteur priv\u00e9, ont sign\u00e9, vendredi dernier, \u00e0 Abidjan, un nouveau protocole d\u2019accord pour soutenir les entreprises ivoiriennes impact\u00e9es par le Covid-19.<\/p>\n<p class=\"rtejustify\">Cet accord permettra notamment de d\u00e9ployer la garantie \u00ab\u00a0Choose Africa R\u00e9silience\u00a0\u00bb\u00a0mise en place par Proparco pour r\u00e9pondre \u00e0 ladite crise. Il pr\u00e9voit concr\u00e8tement le financement des TPE\/PME et des facilit\u00e9s de partage des risques entre les deux partenaires, en particulier les garanties de portefeuille Choose Africa R\u00e9silience propos\u00e9es par le Groupe AFD. L&rsquo;accord a \u00e9t\u00e9 conclu en marge de\u00a0la visite en C\u00f4te d\u2019Ivoire de\u00a0Franck Riester, ministre fran\u00e7ais d\u00e9l\u00e9gu\u00e9 au Commerce ext\u00e9rieur et \u00e0 l&rsquo;Attractivit\u00e9, et en pr\u00e9sence de\u00a0Daouda Coulibaly, DG d\u2019Attijari West Africa, au nom de la SIB.<\/p>\n<p>Auteur: hgueye<br \/>\n<a href=\"https:\/\/www.leconomiste.com\/flash-infos\/cote-d-ivoire-la-sib-filiale-d-awb-s-allie-proparco-pour-la-resilience-des-entreprises\">Cliquez ici pour lire l&rsquo;article depuis sa source.<\/a><\/p>\n","protected":false},"excerpt":{"rendered":"<p>La Soci\u00e9t\u00e9 ivoirienne de banque (SIB), filiale d\u2019Attijariwafa bank (AWB), et Proparco, filiale de l\u2019Agence fran\u00e7aise de d\u00e9veloppement (AFD) d\u00e9di\u00e9e au secteur priv\u00e9, ont sign\u00e9, vendredi dernier, \u00e0 Abidjan, un nouveau protocole d\u2019accord pour soutenir les entreprises ivoiriennes impact\u00e9es par le Covid-19. Cet accord permettra notamment de d\u00e9ployer la garantie \u00ab\u00a0Choose Africa R\u00e9silience\u00a0\u00bb\u00a0mise en place [&hellip;]<\/p>\n","protected":false},"author":1763,"featured_media":0,"comment_status":"closed","ping_status":"closed","sticky":false,"template":"","format":"standard","meta":{"fifu_image_url":"","fifu_image_alt":"","footnotes":""},"categories":[78,54],"tags":[],"class_list":["post-118083","post","type-post","status-publish","format-standard","hentry","category-economie","category-maroc"],"_links":{"self":[{"href":"https:\/\/linitiative.ca\/International\/wp-json\/wp\/v2\/posts\/118083","targetHints":{"allow":["GET"]}}],"collection":[{"href":"https:\/\/linitiative.ca\/International\/wp-json\/wp\/v2\/posts"}],"about":[{"href":"https:\/\/linitiative.ca\/International\/wp-json\/wp\/v2\/types\/post"}],"author":[{"embeddable":true,"href":"https:\/\/linitiative.ca\/International\/wp-json\/wp\/v2\/users\/1763"}],"replies":[{"embeddable":true,"href":"https:\/\/linitiative.ca\/International\/wp-json\/wp\/v2\/comments?post=118083"}],"version-history":[{"count":0,"href":"https:\/\/linitiative.ca\/International\/wp-json\/wp\/v2\/posts\/118083\/revisions"}],"wp:attachment":[{"href":"https:\/\/linitiative.ca\/International\/wp-json\/wp\/v2\/media?parent=118083"}],"wp:term":[{"taxonomy":"category","embeddable":true,"href":"https:\/\/linitiative.ca\/International\/wp-json\/wp\/v2\/categories?post=118083"},{"taxonomy":"post_tag","embeddable":true,"href":"https:\/\/linitiative.ca\/International\/wp-json\/wp\/v2\/tags?post=118083"}],"curies":[{"name":"wp","href":"https:\/\/api.w.org\/{rel}","templated":true}]}}