{"id":118084,"date":"2021-06-06T06:51:06","date_gmt":"2021-06-06T10:51:06","guid":{"rendered":"https:\/\/linitiative.ca\/International\/maroc-espagne-le-pp-veut-que-madrid-reprenne-le-plus-tot-possible-ses-relations-avec-rabat\/"},"modified":"2021-06-06T06:51:06","modified_gmt":"2021-06-06T10:51:06","slug":"maroc-espagne-le-pp-veut-que-madrid-reprenne-le-plus-tot-possible-ses-relations-avec-rabat","status":"publish","type":"post","link":"https:\/\/linitiative.ca\/International\/maroc-espagne-le-pp-veut-que-madrid-reprenne-le-plus-tot-possible-ses-relations-avec-rabat\/","title":{"rendered":"Maroc &#8211; Espagne: Le PP veut que Madrid reprenne \u00ab\u00a0le plus t\u00f4t possible\u00a0\u00bb ses relations avec Rabat"},"content":{"rendered":"<p class=\"rtejustify\">Le Parti populaire (PP) espagnol veut que Madrid reprenne \u00ab\u00a0le plus t\u00f4t possible\u00a0\u00bb ses relations avec Rabat apr\u00e8s la crise entre le Maroc et l&rsquo;Espagne. Cette formation d&rsquo;opposition\u00a0soumettra, durant la semaine \u00e0 venir, au d\u00e9bat et au vote en s\u00e9ance pl\u00e9ni\u00e8re du Congr\u00e8s, une initiative dans\u00a0laquelle elle demande au gouvernement de Pedro S\u00e1nchez de r\u00e9tablir \u00ab\u00a0le plus t\u00f4t possible\u00a0\u00bb les relations avec le Maroc face \u00e0 la \u00ab\u00a0grave crise\u00a0\u00bb.<\/p>\n<p class=\"rtejustify\">La demande du PP intervient dans un contexte tendu entre les deux pays. Le parti souhaite la reprise des relations et le renforcement de\u00a0la pr\u00e9sence de la police et de la Guardia\u00a0civil\u00a0\u00e0 la fronti\u00e8re sud. Cette motion du PP rel\u00e8ve\u00a0\u00ab\u00a0le r\u00f4le de plus en plus flou\u00a0\u00bb de l&rsquo;Espagne dans l&rsquo;UE, l&rsquo;espace transatlantique et m\u00e9diterran\u00e9en, souligne la presse espagnole.<\/p>\n<p class=\"rtejustify\">La crise avec le Maroc \u00ab\u00a0n&rsquo;a pas \u00e9t\u00e9 un \u00e9v\u00e9nement impr\u00e9vu ou impr\u00e9visible\u00a0\u00bb, explique aussi le PP. Pour le parti, cette crise s&rsquo;est d\u00e9j\u00e0 signal\u00e9e avec la fermeture \u00ab\u00a0unilat\u00e9rale\u00a0\u00bb des fronti\u00e8res par le Maroc en mars 2020 et\u00a0 \u00ab\u00a0la d\u00e9claration unilat\u00e9rale d&rsquo;extension de sa fronti\u00e8re maritime\u00a0\u00bb durant\u00a0le m\u00eame mois. La formation d&rsquo;opposition estime \u00e9galement que le report de\u00a0la r\u00e9union de haut niveau entre Rabat et Madrid en d\u00e9cembre dernier montrait d\u00e9j\u00e0 des signes de relations compliqu\u00e9es. La derni\u00e8re d\u00e9cision de l&rsquo;Espagne de faire entrer Brahim Ghali sur son territoire sans en informer le Maroc est venue encore envenimer les relations. Tout comme les entr\u00e9es massives de migrants \u00e0 Sebta.<\/p>\n<p class=\"rtejustify\">Face \u00e0 tous ces \u00e9v\u00e9nements, le PP\u00a0souhaite\u00a0que le Congr\u00e8s exhorte le Gouvernement \u00e0 \u00ab\u00a0r\u00e9tablir dans les plus brefs d\u00e9lais les relations de coop\u00e9ration et de bon voisinage avec le Maroc pour concevoir une strat\u00e9gie \u00e0 long terme\u00a0\u00bb, en plus de \u00ab\u00a0renforcer la pr\u00e9sence et les moyens des forces de s\u00e9curit\u00e9 \u00e0 la fronti\u00e8re sud avec le pays voisin\u00a0\u00bb.<\/p>\n<p>Auteur: hgueye<br \/>\n<a href=\"https:\/\/www.leconomiste.com\/flash-infos\/maroc-espagne-le-pp-veut-que-madrid-reprenne-le-plus-tot-possible-ses-relations-avec\">Cliquez ici pour lire l&rsquo;article depuis sa source.<\/a><\/p>\n","protected":false},"excerpt":{"rendered":"<p>Le Parti populaire (PP) espagnol veut que Madrid reprenne \u00ab\u00a0le plus t\u00f4t possible\u00a0\u00bb ses relations avec Rabat apr\u00e8s la crise entre le Maroc et l&rsquo;Espagne. Cette formation d&rsquo;opposition\u00a0soumettra, durant la semaine \u00e0 venir, au d\u00e9bat et au vote en s\u00e9ance pl\u00e9ni\u00e8re du Congr\u00e8s, une initiative dans\u00a0laquelle elle demande au gouvernement de Pedro S\u00e1nchez de r\u00e9tablir [&hellip;]<\/p>\n","protected":false},"author":1763,"featured_media":0,"comment_status":"closed","ping_status":"closed","sticky":false,"template":"","format":"standard","meta":{"fifu_image_url":"","fifu_image_alt":"","footnotes":""},"categories":[78,54],"tags":[],"class_list":["post-118084","post","type-post","status-publish","format-standard","hentry","category-economie","category-maroc"],"_links":{"self":[{"href":"https:\/\/linitiative.ca\/International\/wp-json\/wp\/v2\/posts\/118084","targetHints":{"allow":["GET"]}}],"collection":[{"href":"https:\/\/linitiative.ca\/International\/wp-json\/wp\/v2\/posts"}],"about":[{"href":"https:\/\/linitiative.ca\/International\/wp-json\/wp\/v2\/types\/post"}],"author":[{"embeddable":true,"href":"https:\/\/linitiative.ca\/International\/wp-json\/wp\/v2\/users\/1763"}],"replies":[{"embeddable":true,"href":"https:\/\/linitiative.ca\/International\/wp-json\/wp\/v2\/comments?post=118084"}],"version-history":[{"count":0,"href":"https:\/\/linitiative.ca\/International\/wp-json\/wp\/v2\/posts\/118084\/revisions"}],"wp:attachment":[{"href":"https:\/\/linitiative.ca\/International\/wp-json\/wp\/v2\/media?parent=118084"}],"wp:term":[{"taxonomy":"category","embeddable":true,"href":"https:\/\/linitiative.ca\/International\/wp-json\/wp\/v2\/categories?post=118084"},{"taxonomy":"post_tag","embeddable":true,"href":"https:\/\/linitiative.ca\/International\/wp-json\/wp\/v2\/tags?post=118084"}],"curies":[{"name":"wp","href":"https:\/\/api.w.org\/{rel}","templated":true}]}}