{"id":118085,"date":"2021-06-06T09:57:55","date_gmt":"2021-06-06T13:57:55","guid":{"rendered":"https:\/\/linitiative.ca\/International\/musee-la-fnm-celebre-ses-10-ans\/"},"modified":"2021-06-06T09:57:55","modified_gmt":"2021-06-06T13:57:55","slug":"musee-la-fnm-celebre-ses-10-ans","status":"publish","type":"post","link":"https:\/\/linitiative.ca\/International\/musee-la-fnm-celebre-ses-10-ans\/","title":{"rendered":"Mus\u00e9e: La FNM c\u00e9l\u00e8bre ses 10 ans"},"content":{"rendered":"<div readability=\"33\"><a href=\"\/sites\/default\/files\/eco7\/public\/mehdi_qotbi_musee_090.jpg\"><img decoding=\"async\" class=\"img-responsive\" src=\"\/sites\/default\/files\/eco7\/public\/mehdi_qotbi_musee_090.jpg\" alt=\"Mus\u00e9e: La FNM c\u00e9l\u00e8bre ses 10 ans\"\/><\/a> Mehdi Qotbi, le pr\u00e9sident de la Fondation Nationale des Mus\u00e9es. Ph. FNM<\/div>\n<div readability=\"62\">\n<p class=\"rtejustify\">Une d\u00e9cennie d&rsquo;existence pour la Fondation nationale des mus\u00e9es (FNM). Ladite fondation c\u00e9l\u00e8bre, cette ann\u00e9e, ses dix ann\u00e9es au service de la culture et du rayonnement mus\u00e9al du Maroc, incarn\u00e9 par l\u2019ouverture de nombreux mus\u00e9es et l\u2019organisation de grandes expositions d\u2019artistes nationaux et internationaux de renom. A l&rsquo;occasion, elle tiendra une conf\u00e9rence de presse le 8 juin 2021 (9h30) au Mus\u00e9e Mohammed VI d&rsquo;Art Moderne et Contemporain (MMVI) pour dresser le bilan de ses r\u00e9alisations. Ce sera aussi l&rsquo;occasion de pr\u00e9senter la nouvelle identit\u00e9 visuelle de la FNM ainsi que son nouveau site web.<\/p>\n<p class=\"rtejustify\">La conf\u00e9rence permettra, en outre, de mettre en exergue la nouvelle loi portant sur l&rsquo;\u00e9largissement des missions de la FNM, le label \u00ab\u00a0mus\u00e9e\u00a0\u00bb ainsi que le rapport d\u2019audit.<\/p>\n<p class=\"rtejustify\">La FNM organisera, par ailleurs, une exposition des acquisitions des \u0153uvres d\u2019artistes marocains pendant la p\u00e9riode du Covid-19. Elle exposera aussi une panoplie d&rsquo;\u0153uvres issues de la collection d&rsquo;El Khalil Belguench, qui a fait un important don \u00e0 la FNM. Cette collection se compose de 38 \u0153uvres de grands noms de la peinture, dont certaines sont majeures et permettront d&rsquo;enrichir le parcours du MMVI. Parmi cette collection, figurent des peuvres de Melehi, Gharbaoui, Belkahia, El Glaoui, Jacques Majorelle, Mahi Binebine\u2026 L&rsquo;ann\u00e9e derni\u00e8re, El Khalil Belguench avait d\u00e9j\u00e0 fait don de plus de 170 \u0153uvres pour constituer la collection de Villa Harris, mus\u00e9e de Tanger ouvert au public depuis le 17 mars dernier.<\/p>\n<\/div>\n<p>Auteur: hgueye<br \/>\n<a href=\"https:\/\/www.leconomiste.com\/flash-infos\/musee-la-fnm-celebre-ses-10-ans\">Cliquez ici pour lire l&rsquo;article depuis sa source.<\/a><\/p>\n","protected":false},"excerpt":{"rendered":"<p>Mehdi Qotbi, le pr\u00e9sident de la Fondation Nationale des Mus\u00e9es. Ph. FNM Une d\u00e9cennie d&rsquo;existence pour la Fondation nationale des mus\u00e9es (FNM). Ladite fondation c\u00e9l\u00e8bre, cette ann\u00e9e, ses dix ann\u00e9es au service de la culture et du rayonnement mus\u00e9al du Maroc, incarn\u00e9 par l\u2019ouverture de nombreux mus\u00e9es et l\u2019organisation de grandes expositions d\u2019artistes nationaux et [&hellip;]<\/p>\n","protected":false},"author":1763,"featured_media":0,"comment_status":"closed","ping_status":"closed","sticky":false,"template":"","format":"standard","meta":{"fifu_image_url":"\/sites\/default\/files\/eco7\/public\/mehdi_qotbi_musee_090.jpg","fifu_image_alt":"Mus\u00e9e: La FNM c\u00e9l\u00e8bre ses 10 ans","footnotes":""},"categories":[78,54],"tags":[],"class_list":["post-118085","post","type-post","status-publish","format-standard","hentry","category-economie","category-maroc"],"_links":{"self":[{"href":"https:\/\/linitiative.ca\/International\/wp-json\/wp\/v2\/posts\/118085","targetHints":{"allow":["GET"]}}],"collection":[{"href":"https:\/\/linitiative.ca\/International\/wp-json\/wp\/v2\/posts"}],"about":[{"href":"https:\/\/linitiative.ca\/International\/wp-json\/wp\/v2\/types\/post"}],"author":[{"embeddable":true,"href":"https:\/\/linitiative.ca\/International\/wp-json\/wp\/v2\/users\/1763"}],"replies":[{"embeddable":true,"href":"https:\/\/linitiative.ca\/International\/wp-json\/wp\/v2\/comments?post=118085"}],"version-history":[{"count":0,"href":"https:\/\/linitiative.ca\/International\/wp-json\/wp\/v2\/posts\/118085\/revisions"}],"wp:attachment":[{"href":"https:\/\/linitiative.ca\/International\/wp-json\/wp\/v2\/media?parent=118085"}],"wp:term":[{"taxonomy":"category","embeddable":true,"href":"https:\/\/linitiative.ca\/International\/wp-json\/wp\/v2\/categories?post=118085"},{"taxonomy":"post_tag","embeddable":true,"href":"https:\/\/linitiative.ca\/International\/wp-json\/wp\/v2\/tags?post=118085"}],"curies":[{"name":"wp","href":"https:\/\/api.w.org\/{rel}","templated":true}]}}