{"id":118086,"date":"2021-06-06T11:03:18","date_gmt":"2021-06-06T15:03:18","guid":{"rendered":"https:\/\/linitiative.ca\/International\/covid-231-nouveaux-cas-et-233-guerisons-ce-dimanche\/"},"modified":"2021-06-06T11:03:18","modified_gmt":"2021-06-06T15:03:18","slug":"covid-231-nouveaux-cas-et-233-guerisons-ce-dimanche","status":"publish","type":"post","link":"https:\/\/linitiative.ca\/International\/covid-231-nouveaux-cas-et-233-guerisons-ce-dimanche\/","title":{"rendered":"Covid: 231 nouveaux cas et 233 gu\u00e9risons ce dimanche"},"content":{"rendered":"<p>Un total de <strong>231<\/strong> nouveaux cas d&rsquo;infection au coronavirus et de <strong>233<\/strong> gu\u00e9risons a \u00e9t\u00e9 enregistr\u00e9 au Maroc au cours des derni\u00e8res 24 heures, a indiqu\u00e9 ce dimanche\u00a0le minist\u00e8re de la Sant\u00e9.<\/p>\n<p>Le nombre de personnes ayant re\u00e7u la premi\u00e8re dose du vaccin a atteint <strong>9.108.843<\/strong>, a soulign\u00e9 le minist\u00e8re dans son bulletin quotidien sur la situation de la Covid-19, notant que les personnes compl\u00e8tement vaccin\u00e9es (1\u00e8re et 2\u00e8me doses) sont au nombre de <strong>5.898.644<\/strong>.<\/p>\n<p>Les nouveaux cas d&rsquo;infection portent \u00e0 <strong>521.426<\/strong>\u00a0le nombre total des contaminations depuis le premier cas signal\u00e9 en mars 2020, tandis que le nombre des personnes r\u00e9tablies est pass\u00e9 \u00e0 <strong>509.083<\/strong>, soit un taux de gu\u00e9rison de 97,6%. En outre, le nombre total de d\u00e9c\u00e8s atteint <strong>9.178<\/strong> avec <strong>5<\/strong> nouveaux cas durant les derni\u00e8res 24 heures. Par ailleurs, les cas actifs sont au nombre de <strong>3.165<\/strong>, tandis que les cas s\u00e9v\u00e8res ou critiques ont atteint <strong>209<\/strong>, dont <strong>8<\/strong> plac\u00e9s sous intubation et <strong>93<\/strong>\u00a0sous ventilation non invasive.<\/p>\n<blockquote readability=\"4.75\">\n<p><strong>Pour plus de d\u00e9tails, voir l&rsquo;\u00e9volution en temps r\u00e9el de l&rsquo;\u00e9pid\u00e9mie sur <a href=\"https:\/\/www.leconomiste.com\/covid19\/\">https:\/\/www.leconomiste.com\/covid19\/<\/a><\/strong><\/p>\n<\/blockquote>\n<p>Auteur: hgueye<br \/>\n<a href=\"https:\/\/www.leconomiste.com\/flash-infos\/covid-nouveaux-cas-et-guerisons-ce-dimanche\">Cliquez ici pour lire l&rsquo;article depuis sa source.<\/a><\/p>\n","protected":false},"excerpt":{"rendered":"<p>Un total de 231 nouveaux cas d&rsquo;infection au coronavirus et de 233 gu\u00e9risons a \u00e9t\u00e9 enregistr\u00e9 au Maroc au cours des derni\u00e8res 24 heures, a indiqu\u00e9 ce dimanche\u00a0le minist\u00e8re de la Sant\u00e9. Le nombre de personnes ayant re\u00e7u la premi\u00e8re dose du vaccin a atteint 9.108.843, a soulign\u00e9 le minist\u00e8re dans son bulletin quotidien sur [&hellip;]<\/p>\n","protected":false},"author":1763,"featured_media":0,"comment_status":"closed","ping_status":"closed","sticky":false,"template":"","format":"standard","meta":{"fifu_image_url":"","fifu_image_alt":"","footnotes":""},"categories":[78,54],"tags":[],"class_list":["post-118086","post","type-post","status-publish","format-standard","hentry","category-economie","category-maroc"],"_links":{"self":[{"href":"https:\/\/linitiative.ca\/International\/wp-json\/wp\/v2\/posts\/118086","targetHints":{"allow":["GET"]}}],"collection":[{"href":"https:\/\/linitiative.ca\/International\/wp-json\/wp\/v2\/posts"}],"about":[{"href":"https:\/\/linitiative.ca\/International\/wp-json\/wp\/v2\/types\/post"}],"author":[{"embeddable":true,"href":"https:\/\/linitiative.ca\/International\/wp-json\/wp\/v2\/users\/1763"}],"replies":[{"embeddable":true,"href":"https:\/\/linitiative.ca\/International\/wp-json\/wp\/v2\/comments?post=118086"}],"version-history":[{"count":0,"href":"https:\/\/linitiative.ca\/International\/wp-json\/wp\/v2\/posts\/118086\/revisions"}],"wp:attachment":[{"href":"https:\/\/linitiative.ca\/International\/wp-json\/wp\/v2\/media?parent=118086"}],"wp:term":[{"taxonomy":"category","embeddable":true,"href":"https:\/\/linitiative.ca\/International\/wp-json\/wp\/v2\/categories?post=118086"},{"taxonomy":"post_tag","embeddable":true,"href":"https:\/\/linitiative.ca\/International\/wp-json\/wp\/v2\/tags?post=118086"}],"curies":[{"name":"wp","href":"https:\/\/api.w.org\/{rel}","templated":true}]}}