{"id":118087,"date":"2021-06-06T14:08:08","date_gmt":"2021-06-06T18:08:08","guid":{"rendered":"https:\/\/linitiative.ca\/International\/les-vols-de-et-vers-le-maroc-vont-reprendre-sur-autorisations-exceptionnelles\/"},"modified":"2021-06-06T14:08:08","modified_gmt":"2021-06-06T18:08:08","slug":"les-vols-de-et-vers-le-maroc-vont-reprendre-sur-autorisations-exceptionnelles","status":"publish","type":"post","link":"https:\/\/linitiative.ca\/International\/les-vols-de-et-vers-le-maroc-vont-reprendre-sur-autorisations-exceptionnelles\/","title":{"rendered":"Les vols de et vers le Maroc vont reprendre, sur \u00ab\u00a0autorisations exceptionnelles\u00a0\u00bb"},"content":{"rendered":"<p class=\"rtejustify\">Les vols vont reprendre bient\u00f4t au Maroc. Les autorit\u00e9s ont annonc\u00e9, ce dimanche, la reprise des vols de et vers le Royaume \u00e0 partir du 15 juin prochain. Ces vols s&rsquo;effectueront dans le cadre d&rsquo;autorisations exceptionnelles, vu que l&rsquo;espace a\u00e9rien national est toujours ferm\u00e9, indique-t-on ce dimanche.<\/p>\n<p>Auteur: hgueye<br \/>\n<a href=\"https:\/\/www.leconomiste.com\/flash-infos\/les-vols-de-et-vers-le-maroc-vont-reprendre-sur-autorisations-exceptionnelles\">Cliquez ici pour lire l&rsquo;article depuis sa source.<\/a><\/p>\n","protected":false},"excerpt":{"rendered":"<p>Les vols vont reprendre bient\u00f4t au Maroc. Les autorit\u00e9s ont annonc\u00e9, ce dimanche, la reprise des vols de et vers le Royaume \u00e0 partir du 15 juin prochain. Ces vols s&rsquo;effectueront dans le cadre d&rsquo;autorisations exceptionnelles, vu que l&rsquo;espace a\u00e9rien national est toujours ferm\u00e9, indique-t-on ce dimanche. Auteur: hgueye Cliquez ici pour lire l&rsquo;article depuis [&hellip;]<\/p>\n","protected":false},"author":1763,"featured_media":0,"comment_status":"closed","ping_status":"closed","sticky":false,"template":"","format":"standard","meta":{"fifu_image_url":"","fifu_image_alt":"","footnotes":""},"categories":[78,54],"tags":[],"class_list":["post-118087","post","type-post","status-publish","format-standard","hentry","category-economie","category-maroc"],"_links":{"self":[{"href":"https:\/\/linitiative.ca\/International\/wp-json\/wp\/v2\/posts\/118087","targetHints":{"allow":["GET"]}}],"collection":[{"href":"https:\/\/linitiative.ca\/International\/wp-json\/wp\/v2\/posts"}],"about":[{"href":"https:\/\/linitiative.ca\/International\/wp-json\/wp\/v2\/types\/post"}],"author":[{"embeddable":true,"href":"https:\/\/linitiative.ca\/International\/wp-json\/wp\/v2\/users\/1763"}],"replies":[{"embeddable":true,"href":"https:\/\/linitiative.ca\/International\/wp-json\/wp\/v2\/comments?post=118087"}],"version-history":[{"count":0,"href":"https:\/\/linitiative.ca\/International\/wp-json\/wp\/v2\/posts\/118087\/revisions"}],"wp:attachment":[{"href":"https:\/\/linitiative.ca\/International\/wp-json\/wp\/v2\/media?parent=118087"}],"wp:term":[{"taxonomy":"category","embeddable":true,"href":"https:\/\/linitiative.ca\/International\/wp-json\/wp\/v2\/categories?post=118087"},{"taxonomy":"post_tag","embeddable":true,"href":"https:\/\/linitiative.ca\/International\/wp-json\/wp\/v2\/tags?post=118087"}],"curies":[{"name":"wp","href":"https:\/\/api.w.org\/{rel}","templated":true}]}}