{"id":118088,"date":"2021-06-06T15:14:00","date_gmt":"2021-06-06T19:14:00","guid":{"rendered":"https:\/\/linitiative.ca\/International\/equipe-dalgerie-dernier-entrainement-pour-les-verts-avant-daffronter-le-mali\/"},"modified":"2021-06-06T15:14:00","modified_gmt":"2021-06-06T19:14:00","slug":"equipe-dalgerie-dernier-entrainement-pour-les-verts-avant-daffronter-le-mali","status":"publish","type":"post","link":"https:\/\/linitiative.ca\/International\/equipe-dalgerie-dernier-entrainement-pour-les-verts-avant-daffronter-le-mali\/","title":{"rendered":"Equipe d&rsquo;Alg\u00e9rie : Dernier entrainement pour les Verts avant d&rsquo;affronter le Mali"},"content":{"rendered":"<div readability=\"32\">\n<p>Auteur : <span class=\"time\">dimanche 06 juin 2021 07:30<\/span><\/p>\n<\/div>\n<div id=\"post_core\" readability=\"44\">\n<p>Une derni\u00e8re s\u00e9ance d&rsquo;entrainement \u00e9tait donc au programme ce samedi, ax\u00e9e essentiellement sur le travail tactique comme le souligne le site de la FAF.<\/p>\n<p>Youcef Atal n&rsquo;a pas pris part \u00e0 cette s\u00e9ance d&rsquo;entrainement et a \u00e9t\u00e9 suppl\u00e9\u00e9 par Houcine Benayada.<\/p>\n<p>Face au Mali ce dimanche soir, les hommes de Djamel Belmadi \u00e9volueront en vert (maillot et short), alors que le Mali sera habill\u00e9 en jaune (maillot, short). Les Verts rejoindront le stade Mustapha Tchaker \u00e0 partir de 18h30 et la rencontre d\u00e9butera \u00e0 20h45.<\/p>\n<p><strong>Publi\u00e9 dans :<\/strong> <span>algerie<\/span><\/p>\n<\/div>\n<p>Auteur:<br \/>\n<a href=\"http:\/\/www.lebuteur.com\/article\/detail?titre=dernier-entrainement-pour-les-verts-avant-daffronter-le-mali&#038;id=100289&#038;utm_source=feedburner&#038;utm_medium=feed&#038;utm_campaign=Feed%3A+GalerieFArtciles+%28Les+derniers+articles++-+lebuteur.com%29\">Cliquez ici pour lire l&rsquo;article depuis sa source.<\/a><\/p>\n","protected":false},"excerpt":{"rendered":"<p>Auteur : dimanche 06 juin 2021 07:30 Une derni\u00e8re s\u00e9ance d&rsquo;entrainement \u00e9tait donc au programme ce samedi, ax\u00e9e essentiellement sur le travail tactique comme le souligne le site de la FAF. Youcef Atal n&rsquo;a pas pris part \u00e0 cette s\u00e9ance d&rsquo;entrainement et a \u00e9t\u00e9 suppl\u00e9\u00e9 par Houcine Benayada. Face au Mali ce dimanche soir, les [&hellip;]<\/p>\n","protected":false},"author":1738,"featured_media":0,"comment_status":"closed","ping_status":"closed","sticky":false,"template":"","format":"standard","meta":{"fifu_image_url":"\/\/cdn.lebuteur.com\/data\/images\/article\/thumbs\/large-dernier-entrainement-pour-les-verts-avant-daffronter-le-mali-75891.jpg","fifu_image_alt":"Equipe d'Alg\u00e9rie : Dernier entrainement pour les Verts avant d'affronter le Mali","footnotes":""},"categories":[53,75],"tags":[],"class_list":["post-118088","post","type-post","status-publish","format-standard","hentry","category-algerie","category-sport"],"_links":{"self":[{"href":"https:\/\/linitiative.ca\/International\/wp-json\/wp\/v2\/posts\/118088","targetHints":{"allow":["GET"]}}],"collection":[{"href":"https:\/\/linitiative.ca\/International\/wp-json\/wp\/v2\/posts"}],"about":[{"href":"https:\/\/linitiative.ca\/International\/wp-json\/wp\/v2\/types\/post"}],"author":[{"embeddable":true,"href":"https:\/\/linitiative.ca\/International\/wp-json\/wp\/v2\/users\/1738"}],"replies":[{"embeddable":true,"href":"https:\/\/linitiative.ca\/International\/wp-json\/wp\/v2\/comments?post=118088"}],"version-history":[{"count":0,"href":"https:\/\/linitiative.ca\/International\/wp-json\/wp\/v2\/posts\/118088\/revisions"}],"wp:attachment":[{"href":"https:\/\/linitiative.ca\/International\/wp-json\/wp\/v2\/media?parent=118088"}],"wp:term":[{"taxonomy":"category","embeddable":true,"href":"https:\/\/linitiative.ca\/International\/wp-json\/wp\/v2\/categories?post=118088"},{"taxonomy":"post_tag","embeddable":true,"href":"https:\/\/linitiative.ca\/International\/wp-json\/wp\/v2\/tags?post=118088"}],"curies":[{"name":"wp","href":"https:\/\/api.w.org\/{rel}","templated":true}]}}