{"id":118089,"date":"2021-06-06T15:14:02","date_gmt":"2021-06-06T19:14:02","guid":{"rendered":"https:\/\/linitiative.ca\/International\/international-real-benzema-une-decision-difficile-pour-nous-tous\/"},"modified":"2021-06-06T15:14:02","modified_gmt":"2021-06-06T19:14:02","slug":"international-real-benzema-une-decision-difficile-pour-nous-tous","status":"publish","type":"post","link":"https:\/\/linitiative.ca\/International\/international-real-benzema-une-decision-difficile-pour-nous-tous\/","title":{"rendered":"International : Real &#8211; Benzema : \u00ab\u00a0Une d\u00e9cision difficile pour nous tous\u00a0\u00bb"},"content":{"rendered":"<div readability=\"32\">\n<p>Auteur : <span class=\"time\">dimanche 06 juin 2021 12:08<\/span><\/p>\n<\/div>\n<div id=\"post_core\" readability=\"57\">\n<p>Le choix de de l&rsquo;entraineur fran\u00e7ais \u00e9tait attendu puisque annonc\u00e9 depuis de longues semaines par la presse espagnole. Toutefois, le d\u00e9part de \u00ab\u00a0Zizou\u00a0\u00bb a surpris au sein du vestiaire merengue, et notamment Karim Benzema.<\/p>\n<p>\u00ab\u00a0C\u2019\u00e9tait une surprise pour tout le monde, pas seulement pour moi, a reconnu l\u2019ancien Lyonnais dans les colonnes de Marca. Il a toujours \u00e9t\u00e9 comme un grand fr\u00e8re pour moi. Parce que je le connais depuis longtemps et qu\u2019il m\u2019a beaucoup aid\u00e9 sur le terrain et en dehors. C\u2019\u00e9tait une d\u00e9cision difficile pour nous tous. Maintenant, nous avons un autre entra\u00eeneur et nous allons essayer de r\u00e9ussir \u00e0 nouveau.\u00a0\u00bb Des propos relay\u00e9s par Football.<\/p>\n<p>Pour remplacer Zidane, la Casa Blanca a choisi de rappeler Carlo Ancelotti, d\u00e9j\u00e0 pass\u00e9 par le club entre 2013 et 2015 : \u00ab\u00a0C\u2019est bonne nouvelle, s\u2019est r\u00e9joui Benzema. Nous le connaissons tous, les joueurs et les fans. C\u2019est un grand entra\u00eeneur. J\u2019aime sa philosophie de jeu, sa fa\u00e7on de voir le football, de g\u00e9rer le groupe et de diriger l\u2019\u00e9quipe. Et en plus il veut gagner tous les titres.\u00a0\u00bb<\/p>\n<p><strong>Publi\u00e9 dans :<\/strong> <span>real madrid<\/span><\/p>\n<\/div>\n<p>Auteur:<br \/>\n<a href=\"http:\/\/www.lebuteur.com\/article\/detail?titre=real-benzema-une-decision-difficile-pour-nous-tous&#038;id=100291&#038;utm_source=feedburner&#038;utm_medium=feed&#038;utm_campaign=Feed%3A+GalerieFArtciles+%28Les+derniers+articles++-+lebuteur.com%29\">Cliquez ici pour lire l&rsquo;article depuis sa source.<\/a><\/p>\n","protected":false},"excerpt":{"rendered":"<p>Auteur : dimanche 06 juin 2021 12:08 Le choix de de l&rsquo;entraineur fran\u00e7ais \u00e9tait attendu puisque annonc\u00e9 depuis de longues semaines par la presse espagnole. Toutefois, le d\u00e9part de \u00ab\u00a0Zizou\u00a0\u00bb a surpris au sein du vestiaire merengue, et notamment Karim Benzema. \u00ab\u00a0C\u2019\u00e9tait une surprise pour tout le monde, pas seulement pour moi, a reconnu l\u2019ancien [&hellip;]<\/p>\n","protected":false},"author":1738,"featured_media":0,"comment_status":"closed","ping_status":"closed","sticky":false,"template":"","format":"standard","meta":{"fifu_image_url":"\/\/cdn.lebuteur.com\/data\/images\/article\/thumbs\/large-real-benzema-une-decision-difficile-pour-nous-tous-dc800.jpg","fifu_image_alt":"International : Real - Benzema : \"Une d\u00e9cision difficile pour nous tous\"","footnotes":""},"categories":[53,75],"tags":[],"class_list":["post-118089","post","type-post","status-publish","format-standard","hentry","category-algerie","category-sport"],"_links":{"self":[{"href":"https:\/\/linitiative.ca\/International\/wp-json\/wp\/v2\/posts\/118089","targetHints":{"allow":["GET"]}}],"collection":[{"href":"https:\/\/linitiative.ca\/International\/wp-json\/wp\/v2\/posts"}],"about":[{"href":"https:\/\/linitiative.ca\/International\/wp-json\/wp\/v2\/types\/post"}],"author":[{"embeddable":true,"href":"https:\/\/linitiative.ca\/International\/wp-json\/wp\/v2\/users\/1738"}],"replies":[{"embeddable":true,"href":"https:\/\/linitiative.ca\/International\/wp-json\/wp\/v2\/comments?post=118089"}],"version-history":[{"count":0,"href":"https:\/\/linitiative.ca\/International\/wp-json\/wp\/v2\/posts\/118089\/revisions"}],"wp:attachment":[{"href":"https:\/\/linitiative.ca\/International\/wp-json\/wp\/v2\/media?parent=118089"}],"wp:term":[{"taxonomy":"category","embeddable":true,"href":"https:\/\/linitiative.ca\/International\/wp-json\/wp\/v2\/categories?post=118089"},{"taxonomy":"post_tag","embeddable":true,"href":"https:\/\/linitiative.ca\/International\/wp-json\/wp\/v2\/tags?post=118089"}],"curies":[{"name":"wp","href":"https:\/\/api.w.org\/{rel}","templated":true}]}}