{"id":118090,"date":"2021-06-06T15:14:04","date_gmt":"2021-06-06T19:14:04","guid":{"rendered":"https:\/\/linitiative.ca\/International\/afrique-le-tirage-au-sort-de-la-phase-finale-de-la-can-reporte\/"},"modified":"2021-06-06T15:14:04","modified_gmt":"2021-06-06T19:14:04","slug":"afrique-le-tirage-au-sort-de-la-phase-finale-de-la-can-reporte","status":"publish","type":"post","link":"https:\/\/linitiative.ca\/International\/afrique-le-tirage-au-sort-de-la-phase-finale-de-la-can-reporte\/","title":{"rendered":"Afrique : Le tirage au sort de la phase finale de la CAN report\u00e9"},"content":{"rendered":"<div readability=\"32\">\n<p>Auteur : <span class=\"time\">dimanche 06 juin 2021 12:25<\/span><\/p>\n<\/div>\n<div id=\"post_core\" readability=\"51\">\n<p>Comme indiqu\u00e9 par France Football, le tirage au sort de la phase finale de la Coupe d&rsquo;Afrique des nations, pr\u00e9vu \u00e0 Yaound\u00e9 le 25\u00a0juin, a \u00e9t\u00e9 report\u00e9, a annonc\u00e9 dimanche la Conf\u00e9d\u00e9ration africaine.\u00a0L&rsquo;instance a d\u00e9clar\u00e9 que le report \u00e9tait d\u00fb \u00e0 des \u00ab\u00a0raisons logistiques li\u00e9es \u00e0 la pand\u00e9mie de COVID-19\u00a0\u00bb, et qu&rsquo;une nouvelle date serait annonc\u00e9e en temps voulu.<\/p>\n<p>La Sierra Leone et le B\u00e9nin disputeront leur match de qualification exceptionnel ce mois-ci pour d\u00e9terminer la derni\u00e8re des 24 \u00e9quipes qualifi\u00e9es pour le tournoi final au Cameroun, en janvier.<\/p>\n<p>Le tournoi a d\u00e9j\u00e0 \u00e9t\u00e9 report\u00e9 d&rsquo;un an \u00e0 cause de la pand\u00e9mie.\u00a0Le mois dernier, la CAF a report\u00e9 la reprise des \u00e9liminatoires de la Coupe du monde, qui \u00e9tait pr\u00e9vue pour les premi\u00e8res semaines de juin, bl\u00e2mant la pand\u00e9mie de COVID-19.<\/p>\n<p><strong>Publi\u00e9 dans :<\/strong> <span>afrique<\/span><\/p>\n<\/div>\n<p>Auteur:<br \/>\n<a href=\"http:\/\/www.lebuteur.com\/article\/detail?titre=le-tirage-au-sort-de-la-phase-finale-de-la-can-reporte&#038;id=100292&#038;utm_source=feedburner&#038;utm_medium=feed&#038;utm_campaign=Feed%3A+GalerieFArtciles+%28Les+derniers+articles++-+lebuteur.com%29\">Cliquez ici pour lire l&rsquo;article depuis sa source.<\/a><\/p>\n","protected":false},"excerpt":{"rendered":"<p>Auteur : dimanche 06 juin 2021 12:25 Comme indiqu\u00e9 par France Football, le tirage au sort de la phase finale de la Coupe d&rsquo;Afrique des nations, pr\u00e9vu \u00e0 Yaound\u00e9 le 25\u00a0juin, a \u00e9t\u00e9 report\u00e9, a annonc\u00e9 dimanche la Conf\u00e9d\u00e9ration africaine.\u00a0L&rsquo;instance a d\u00e9clar\u00e9 que le report \u00e9tait d\u00fb \u00e0 des \u00ab\u00a0raisons logistiques li\u00e9es \u00e0 la pand\u00e9mie [&hellip;]<\/p>\n","protected":false},"author":1738,"featured_media":0,"comment_status":"closed","ping_status":"closed","sticky":false,"template":"","format":"standard","meta":{"fifu_image_url":"\/\/cdn.lebuteur.com\/data\/images\/article\/thumbs\/large-le-tirage-au-sort-de-la-phase-finale-de-la-can-reporte-550ca.jpg","fifu_image_alt":"Afrique : Le tirage au sort de la phase finale de la CAN report\u00e9","footnotes":""},"categories":[53,75],"tags":[],"class_list":["post-118090","post","type-post","status-publish","format-standard","hentry","category-algerie","category-sport"],"_links":{"self":[{"href":"https:\/\/linitiative.ca\/International\/wp-json\/wp\/v2\/posts\/118090","targetHints":{"allow":["GET"]}}],"collection":[{"href":"https:\/\/linitiative.ca\/International\/wp-json\/wp\/v2\/posts"}],"about":[{"href":"https:\/\/linitiative.ca\/International\/wp-json\/wp\/v2\/types\/post"}],"author":[{"embeddable":true,"href":"https:\/\/linitiative.ca\/International\/wp-json\/wp\/v2\/users\/1738"}],"replies":[{"embeddable":true,"href":"https:\/\/linitiative.ca\/International\/wp-json\/wp\/v2\/comments?post=118090"}],"version-history":[{"count":0,"href":"https:\/\/linitiative.ca\/International\/wp-json\/wp\/v2\/posts\/118090\/revisions"}],"wp:attachment":[{"href":"https:\/\/linitiative.ca\/International\/wp-json\/wp\/v2\/media?parent=118090"}],"wp:term":[{"taxonomy":"category","embeddable":true,"href":"https:\/\/linitiative.ca\/International\/wp-json\/wp\/v2\/categories?post=118090"},{"taxonomy":"post_tag","embeddable":true,"href":"https:\/\/linitiative.ca\/International\/wp-json\/wp\/v2\/tags?post=118090"}],"curies":[{"name":"wp","href":"https:\/\/api.w.org\/{rel}","templated":true}]}}