{"id":118091,"date":"2021-06-06T15:14:06","date_gmt":"2021-06-06T19:14:06","guid":{"rendered":"https:\/\/linitiative.ca\/International\/international-real-madrid-ancelotti-souhaite-la-venue-dun-international-portugais\/"},"modified":"2021-06-06T15:14:06","modified_gmt":"2021-06-06T19:14:06","slug":"international-real-madrid-ancelotti-souhaite-la-venue-dun-international-portugais","status":"publish","type":"post","link":"https:\/\/linitiative.ca\/International\/international-real-madrid-ancelotti-souhaite-la-venue-dun-international-portugais\/","title":{"rendered":"International : Real Madrid : Ancelotti souhaite la venue d\u2019un international portugais"},"content":{"rendered":"<div readability=\"32\">\n<p>Auteur : <span class=\"time\">dimanche 06 juin 2021 14:30<\/span><\/p>\n<\/div>\n<div id=\"post_core\" readability=\"43\">\n<p>Ce dernier aimerait obtenir la venue d\u2019un milieu de terrain d\u00e9fensif afin d\u2019\u00e9pauler Casimero. Selon Les-Transferts et Don Balon, le coach transalpin aurait gliss\u00e9 le nom de Ruben Neves. \u00c2g\u00e9 de 24 ans, ce dernier dispose d\u2019un contrat jusqu\u2019en juin 2023 avec Wolverhampton. L\u2019international portugais aurait pris la d\u00e9cision de quitter les Loups cet \u00e9t\u00e9.<\/p>\n<p>Son agent Jorge Mendes aurait d\u00e9j\u00e0 commenc\u00e9 ses recherches pour lui d\u00e9nicher un nouveau club. Les Merengues pourraient rapidement se positionner sur le natif de Santa Maria da Feira dont la valeur serait de 45 millions d\u2019euros.<\/p>\n<p><strong>Publi\u00e9 dans :<\/strong> <span>Ruben Neves<\/span> <span>Real Madrid : Carlos Ancelotti<\/span><\/p>\n<\/div>\n<p>Auteur:<br \/>\n<a href=\"http:\/\/www.lebuteur.com\/article\/detail?titre=real-madrid-ancelotti-souhaite-la-venue-dun-international-portugais&#038;id=100293&#038;utm_source=feedburner&#038;utm_medium=feed&#038;utm_campaign=Feed%3A+GalerieFArtciles+%28Les+derniers+articles++-+lebuteur.com%29\">Cliquez ici pour lire l&rsquo;article depuis sa source.<\/a><\/p>\n","protected":false},"excerpt":{"rendered":"<p>Auteur : dimanche 06 juin 2021 14:30 Ce dernier aimerait obtenir la venue d\u2019un milieu de terrain d\u00e9fensif afin d\u2019\u00e9pauler Casimero. Selon Les-Transferts et Don Balon, le coach transalpin aurait gliss\u00e9 le nom de Ruben Neves. \u00c2g\u00e9 de 24 ans, ce dernier dispose d\u2019un contrat jusqu\u2019en juin 2023 avec Wolverhampton. L\u2019international portugais aurait pris la [&hellip;]<\/p>\n","protected":false},"author":1738,"featured_media":0,"comment_status":"closed","ping_status":"closed","sticky":false,"template":"","format":"standard","meta":{"fifu_image_url":"\/\/cdn.lebuteur.com\/data\/images\/article\/thumbs\/large-100293real-madrid-ancelotti-souhaite-la-venue-dun-international-portugais-439f6.jpg","fifu_image_alt":"International : Real Madrid : Ancelotti souhaite la venue d\u2019un international portugais","footnotes":""},"categories":[53,75],"tags":[],"class_list":["post-118091","post","type-post","status-publish","format-standard","hentry","category-algerie","category-sport"],"_links":{"self":[{"href":"https:\/\/linitiative.ca\/International\/wp-json\/wp\/v2\/posts\/118091","targetHints":{"allow":["GET"]}}],"collection":[{"href":"https:\/\/linitiative.ca\/International\/wp-json\/wp\/v2\/posts"}],"about":[{"href":"https:\/\/linitiative.ca\/International\/wp-json\/wp\/v2\/types\/post"}],"author":[{"embeddable":true,"href":"https:\/\/linitiative.ca\/International\/wp-json\/wp\/v2\/users\/1738"}],"replies":[{"embeddable":true,"href":"https:\/\/linitiative.ca\/International\/wp-json\/wp\/v2\/comments?post=118091"}],"version-history":[{"count":0,"href":"https:\/\/linitiative.ca\/International\/wp-json\/wp\/v2\/posts\/118091\/revisions"}],"wp:attachment":[{"href":"https:\/\/linitiative.ca\/International\/wp-json\/wp\/v2\/media?parent=118091"}],"wp:term":[{"taxonomy":"category","embeddable":true,"href":"https:\/\/linitiative.ca\/International\/wp-json\/wp\/v2\/categories?post=118091"},{"taxonomy":"post_tag","embeddable":true,"href":"https:\/\/linitiative.ca\/International\/wp-json\/wp\/v2\/tags?post=118091"}],"curies":[{"name":"wp","href":"https:\/\/api.w.org\/{rel}","templated":true}]}}