{"id":118092,"date":"2021-06-06T15:14:07","date_gmt":"2021-06-06T19:14:07","guid":{"rendered":"https:\/\/linitiative.ca\/International\/international-om-un-nouveau-club-sur-milik\/"},"modified":"2021-06-06T15:14:07","modified_gmt":"2021-06-06T19:14:07","slug":"international-om-un-nouveau-club-sur-milik","status":"publish","type":"post","link":"https:\/\/linitiative.ca\/International\/international-om-un-nouveau-club-sur-milik\/","title":{"rendered":"International : OM : Un nouveau club sur Milik"},"content":{"rendered":"<div readability=\"32\">\n<p>Auteur : <span class=\"time\">dimanche 06 juin 2021 15:00<\/span><\/p>\n<\/div>\n<div id=\"post_core\" readability=\"39\">\n<p>Selon Les-Transferts et\u00a0La Gazzetta dello Sport, l\u2019international polonais serait dans le viseur du\u00a0Milan AC\u00a0pour \u00e9pauler Zlatan Ibrahimovic.<\/p>\n<p>\u00c2g\u00e9 de 27 ans, celui qui a inscrit 9 buts en 15 rencontres de Ligue 1 connait bien la Serie A pour avoir \u00e9volu\u00e9 \u00e0 Naples avant d\u2019arriver dans la cit\u00e9 phoc\u00e9enne. Les Marseillais ne comptent toutefois pas c\u00e9der leur joueur aussi facilement.<\/p>\n<p><strong>Publi\u00e9 dans :<\/strong> <span>OM<\/span> <span>Milik<\/span><\/p>\n<\/div>\n<p>Auteur:<br \/>\n<a href=\"http:\/\/www.lebuteur.com\/article\/detail?titre=om-un-nouveau-club-sur-milik&#038;id=100294&#038;utm_source=feedburner&#038;utm_medium=feed&#038;utm_campaign=Feed%3A+GalerieFArtciles+%28Les+derniers+articles++-+lebuteur.com%29\">Cliquez ici pour lire l&rsquo;article depuis sa source.<\/a><\/p>\n","protected":false},"excerpt":{"rendered":"<p>Auteur : dimanche 06 juin 2021 15:00 Selon Les-Transferts et\u00a0La Gazzetta dello Sport, l\u2019international polonais serait dans le viseur du\u00a0Milan AC\u00a0pour \u00e9pauler Zlatan Ibrahimovic. \u00c2g\u00e9 de 27 ans, celui qui a inscrit 9 buts en 15 rencontres de Ligue 1 connait bien la Serie A pour avoir \u00e9volu\u00e9 \u00e0 Naples avant d\u2019arriver dans la cit\u00e9 [&hellip;]<\/p>\n","protected":false},"author":1738,"featured_media":0,"comment_status":"closed","ping_status":"closed","sticky":false,"template":"","format":"standard","meta":{"fifu_image_url":"\/\/cdn.lebuteur.com\/data\/images\/article\/thumbs\/large-100294om-un-nouveau-club-sur-milik-a8d7e.jpg","fifu_image_alt":"International : OM : Un nouveau club sur Milik","footnotes":""},"categories":[53,75],"tags":[],"class_list":["post-118092","post","type-post","status-publish","format-standard","hentry","category-algerie","category-sport"],"_links":{"self":[{"href":"https:\/\/linitiative.ca\/International\/wp-json\/wp\/v2\/posts\/118092","targetHints":{"allow":["GET"]}}],"collection":[{"href":"https:\/\/linitiative.ca\/International\/wp-json\/wp\/v2\/posts"}],"about":[{"href":"https:\/\/linitiative.ca\/International\/wp-json\/wp\/v2\/types\/post"}],"author":[{"embeddable":true,"href":"https:\/\/linitiative.ca\/International\/wp-json\/wp\/v2\/users\/1738"}],"replies":[{"embeddable":true,"href":"https:\/\/linitiative.ca\/International\/wp-json\/wp\/v2\/comments?post=118092"}],"version-history":[{"count":0,"href":"https:\/\/linitiative.ca\/International\/wp-json\/wp\/v2\/posts\/118092\/revisions"}],"wp:attachment":[{"href":"https:\/\/linitiative.ca\/International\/wp-json\/wp\/v2\/media?parent=118092"}],"wp:term":[{"taxonomy":"category","embeddable":true,"href":"https:\/\/linitiative.ca\/International\/wp-json\/wp\/v2\/categories?post=118092"},{"taxonomy":"post_tag","embeddable":true,"href":"https:\/\/linitiative.ca\/International\/wp-json\/wp\/v2\/tags?post=118092"}],"curies":[{"name":"wp","href":"https:\/\/api.w.org\/{rel}","templated":true}]}}