{"id":118093,"date":"2021-06-06T04:00:00","date_gmt":"2021-06-06T08:00:00","guid":{"rendered":"https:\/\/linitiative.ca\/International\/migration-irreguliere-un-drame-humanitaire\/"},"modified":"2021-06-06T04:00:00","modified_gmt":"2021-06-06T08:00:00","slug":"migration-irreguliere-un-drame-humanitaire","status":"publish","type":"post","link":"https:\/\/linitiative.ca\/International\/migration-irreguliere-un-drame-humanitaire\/","title":{"rendered":"Migration irr\u00e9guli\u00e8re: un drame humanitaire"},"content":{"rendered":"<p>Appuy\u00e9e par l\u2019Union europ\u00e9enne, l\u2019Italie remet sans cesse et avec plus de vigueur devant les autorit\u00e9s tunisiennes la question de la migration clandestine. Certes, gr\u00e2ce aux efforts conjoints, le nombre d\u2019op\u00e9rations intercept\u00e9es a nettement augment\u00e9 ces derniers mois, mais l\u2019Europe craint l\u2019arriv\u00e9e de nouvelles vagues de migrants sur les rivages italiens au cours de l\u2019\u00e9t\u00e9. L\u2019approche pratiqu\u00e9e demeure encore s\u00e9curitaire, sans s\u2019\u00e9largir \u00e0 des programmes de migration circulaire, concert\u00e9s et bien encadr\u00e9s. Les indicateurs relev\u00e9s \u00e0 fin avril dernier demeurent inqui\u00e9tants. Le nombre total d\u2019arriv\u00e9es en Italie de mani\u00e8re non r\u00e9glementaire depuis le d\u00e9but de l\u2019ann\u00e9e a atteint, selon le Ftdes, 9 013 migrants non r\u00e9glementaires dont 1 385 migrants tunisiens, soit 15%. Depuis le d\u00e9but de l\u2019ann\u00e9e 2021, le nombre d\u2019op\u00e9rations de passage intercept\u00e9es a atteint 195, soit une augmentation de 242% par rapport \u00e0 la m\u00eame p\u00e9riode en 2020. Les autorit\u00e9s tunisiennes ont \u00e9galement emp\u00each\u00e9 3 027 migrants d\u2019atteindre les c\u00f4tes italiennes depuis le d\u00e9but de l\u2019ann\u00e9e, soit une augmentation de 170%. Certes, le nombre d\u2019arriv\u00e9es a augment\u00e9 par rapport aux Tunisiens en comparaison des ann\u00e9es 2020 et 2019, mais il a diminu\u00e9 de 27% par rapport \u00e0 2018.<\/p>\n<p>Le nombre total de mineurs tunisiens arrivant de mani\u00e8re irr\u00e9guli\u00e8re en Italie a \u00e9t\u00e9 de 208, soit 16,8% du nombre total de mineurs arrivant en Italie de diff\u00e9rentes nationalit\u00e9s. La participation des mineurs et des femmes au cours des derni\u00e8res ann\u00e9es refl\u00e8te un glissement progressif du projet de migration vers le projet familial et met en \u00e9vidence la faiblesse des institutions de protection sociale et d\u2019enseignement dans l\u2019environnement de ces groupes vuln\u00e9rables<br \/>\u00a0<\/p>\n<p>Auteur:<br \/>\n<a href=\"https:\/\/www.leaders.com.tn\/article\/31986-migration-irreguliere-un-drame-humanitaire\">Cliquez ici pour lire l&rsquo;article depuis sa source.<\/a><\/p>\n","protected":false},"excerpt":{"rendered":"<p>Appuy\u00e9e par l\u2019Union europ\u00e9enne, l\u2019Italie remet sans cesse et avec plus de vigueur devant les autorit\u00e9s tunisiennes la question de la migration clandestine. Certes, gr\u00e2ce aux efforts conjoints, le nombre d\u2019op\u00e9rations intercept\u00e9es a nettement augment\u00e9 ces derniers mois, mais l\u2019Europe craint l\u2019arriv\u00e9e de nouvelles vagues de migrants sur les rivages italiens au cours de l\u2019\u00e9t\u00e9. [&hellip;]<\/p>\n","protected":false},"author":1772,"featured_media":0,"comment_status":"closed","ping_status":"closed","sticky":false,"template":"","format":"standard","meta":{"fifu_image_url":"","fifu_image_alt":"","footnotes":""},"categories":[73,55],"tags":[],"class_list":["post-118093","post","type-post","status-publish","format-standard","hentry","category-actualite","category-tunisie"],"_links":{"self":[{"href":"https:\/\/linitiative.ca\/International\/wp-json\/wp\/v2\/posts\/118093","targetHints":{"allow":["GET"]}}],"collection":[{"href":"https:\/\/linitiative.ca\/International\/wp-json\/wp\/v2\/posts"}],"about":[{"href":"https:\/\/linitiative.ca\/International\/wp-json\/wp\/v2\/types\/post"}],"author":[{"embeddable":true,"href":"https:\/\/linitiative.ca\/International\/wp-json\/wp\/v2\/users\/1772"}],"replies":[{"embeddable":true,"href":"https:\/\/linitiative.ca\/International\/wp-json\/wp\/v2\/comments?post=118093"}],"version-history":[{"count":0,"href":"https:\/\/linitiative.ca\/International\/wp-json\/wp\/v2\/posts\/118093\/revisions"}],"wp:attachment":[{"href":"https:\/\/linitiative.ca\/International\/wp-json\/wp\/v2\/media?parent=118093"}],"wp:term":[{"taxonomy":"category","embeddable":true,"href":"https:\/\/linitiative.ca\/International\/wp-json\/wp\/v2\/categories?post=118093"},{"taxonomy":"post_tag","embeddable":true,"href":"https:\/\/linitiative.ca\/International\/wp-json\/wp\/v2\/tags?post=118093"}],"curies":[{"name":"wp","href":"https:\/\/api.w.org\/{rel}","templated":true}]}}