{"id":118096,"date":"2021-06-06T06:00:00","date_gmt":"2021-06-06T10:00:00","guid":{"rendered":"https:\/\/linitiative.ca\/International\/jodie-foster-palme-dor-dhonneur-de-la-74e-edition\/"},"modified":"2021-06-06T06:00:00","modified_gmt":"2021-06-06T10:00:00","slug":"jodie-foster-palme-dor-dhonneur-de-la-74e-edition","status":"publish","type":"post","link":"https:\/\/linitiative.ca\/International\/jodie-foster-palme-dor-dhonneur-de-la-74e-edition\/","title":{"rendered":"Jodie Foster Palme d&rsquo;or d&rsquo;honneur de la 74e \u00e9dition"},"content":{"rendered":"<p class=\"c3\">L&rsquo;actrice et r\u00e9alisatrice am\u00e9ricaine Jodie Foster recevra la Palme d&rsquo;or d&rsquo;honneur de la 74e \u00e9dition du Festival de Cannes, qui doit se tenir du 6 au 17 juillet, ont annonc\u00e9 mercredi les organisateurs.<br \/>Cette distinction, attribu\u00e9e dans le pass\u00e9 \u00e0 Jane Fonda, Jean-Paul Belmondo ou encore Agn\u00e8s Varda, \u00absalue un parcours artistique brillant, une personnalit\u00e9 rare et un engagement discret mais affirm\u00e9 pour les grands sujets de notre \u00e9poque\u00bb, indiquent les organisateurs dans un communiqu\u00e9.<br \/>L&rsquo;actrice aux deux Oscars sera \u00e9galement l&rsquo;invit\u00e9e d&rsquo;honneur de la c\u00e9r\u00e9monie d&rsquo;ouverture du Festival, qui s&rsquo;ach\u00e8vera avec le palmar\u00e8s du jury pr\u00e9sid\u00e9 par l&rsquo;Am\u00e9ricain Spike Lee.<br \/>\u00abJodie Foster nous fait un tr\u00e8s beau cadeau en venant f\u00eater le retour du Festival sur la Croisette. Son aura est aujourd&rsquo;hui sans \u00e9quivalent : elle incarne la modernit\u00e9, l&rsquo;intelligence rayonnante de l&rsquo;ind\u00e9pendance et l&rsquo;exigence de la libert\u00e9\u00bb, \u00e9crit le pr\u00e9sident du Festival, Pierre Lescure.<br \/>En 2001, l&rsquo;actrice avait renonc\u00e9 \u00e0 pr\u00e9sider le jury du 54e Festival de Cannes pour tourner un thriller avec David Fincher.<br \/>L&rsquo;interpr\u00e8te de classiques du cin\u00e9ma tels que Taxi Driver (1976) ou Le Silence des agneaux (1991) a aussi tourn\u00e9 dans des productions fran\u00e7aises comme Moi, fleur bleue d&rsquo;Eric Le Hung (1977), Le sang des autres de Claude Chabrol\u00a0 (1984), Un long dimanche de fian\u00e7ailles (2004) de Jean-Pierre Jeunet.<\/p>\n<p>Auteur:<br \/>\n<a href=\"https:\/\/www.lesoirdalgerie.com\/culture\/jodie-foster-palme-dor-dhonneur-de-la-74e-edition-62281\">Cliquez ici pour lire l&rsquo;article depuis sa source.<\/a><\/p>\n","protected":false},"excerpt":{"rendered":"<p>L&rsquo;actrice et r\u00e9alisatrice am\u00e9ricaine Jodie Foster recevra la Palme d&rsquo;or d&rsquo;honneur de la 74e \u00e9dition du Festival de Cannes, qui doit se tenir du 6 au 17 juillet, ont annonc\u00e9 mercredi les organisateurs.Cette distinction, attribu\u00e9e dans le pass\u00e9 \u00e0 Jane Fonda, Jean-Paul Belmondo ou encore Agn\u00e8s Varda, \u00absalue un parcours artistique brillant, une personnalit\u00e9 rare [&hellip;]<\/p>\n","protected":false},"author":1741,"featured_media":0,"comment_status":"closed","ping_status":"closed","sticky":false,"template":"","format":"standard","meta":{"fifu_image_url":"","fifu_image_alt":"","footnotes":""},"categories":[73,53],"tags":[],"class_list":["post-118096","post","type-post","status-publish","format-standard","hentry","category-actualite","category-algerie"],"_links":{"self":[{"href":"https:\/\/linitiative.ca\/International\/wp-json\/wp\/v2\/posts\/118096","targetHints":{"allow":["GET"]}}],"collection":[{"href":"https:\/\/linitiative.ca\/International\/wp-json\/wp\/v2\/posts"}],"about":[{"href":"https:\/\/linitiative.ca\/International\/wp-json\/wp\/v2\/types\/post"}],"author":[{"embeddable":true,"href":"https:\/\/linitiative.ca\/International\/wp-json\/wp\/v2\/users\/1741"}],"replies":[{"embeddable":true,"href":"https:\/\/linitiative.ca\/International\/wp-json\/wp\/v2\/comments?post=118096"}],"version-history":[{"count":0,"href":"https:\/\/linitiative.ca\/International\/wp-json\/wp\/v2\/posts\/118096\/revisions"}],"wp:attachment":[{"href":"https:\/\/linitiative.ca\/International\/wp-json\/wp\/v2\/media?parent=118096"}],"wp:term":[{"taxonomy":"category","embeddable":true,"href":"https:\/\/linitiative.ca\/International\/wp-json\/wp\/v2\/categories?post=118096"},{"taxonomy":"post_tag","embeddable":true,"href":"https:\/\/linitiative.ca\/International\/wp-json\/wp\/v2\/tags?post=118096"}],"curies":[{"name":"wp","href":"https:\/\/api.w.org\/{rel}","templated":true}]}}