{"id":118097,"date":"2021-06-06T06:00:00","date_gmt":"2021-06-06T10:00:00","guid":{"rendered":"https:\/\/linitiative.ca\/International\/les-premieres-journees-nationales-fatiha-berber-en-septembre-prochain\/"},"modified":"2021-06-06T06:00:00","modified_gmt":"2021-06-06T10:00:00","slug":"les-premieres-journees-nationales-fatiha-berber-en-septembre-prochain","status":"publish","type":"post","link":"https:\/\/linitiative.ca\/International\/les-premieres-journees-nationales-fatiha-berber-en-septembre-prochain\/","title":{"rendered":"Les premi\u00e8res Journ\u00e9es nationales Fatiha-Berber en septembre prochain"},"content":{"rendered":"<p>Les premi\u00e8res Journ\u00e9es nationales Fatiha-Berber d\u00e9di\u00e9es au th\u00e9\u00e2tre de jeunes sont programm\u00e9es pour le mois de septembre prochain, annonce l\u2019association culturelle \u00abEl Manara\u00bb de la ville de Corso (Boumerd\u00e8s), organisatrice de l&rsquo;\u00e9v\u00e9nement.\u00a0<br \/>L\u2019initiative d\u2019organiser p\u00e9riodiquement \u00e0 Boumerd\u00e8s des journ\u00e9es nationales de th\u00e9\u00e2tre portant le nom de Fatiha Berber (1945-2015) intervient en hommage \u00e0 cette grande dame, originaire de la r\u00e9gion, ic\u00f4ne des arts de la sc\u00e8ne, de la t\u00e9l\u00e9vision et du cin\u00e9ma alg\u00e9riens.<br \/>Ces journ\u00e9es auront un caract\u00e8re comp\u00e9titif, poursuit le communiqu\u00e9, \u00e9non\u00e7ant les crit\u00e8res de participation qui exigent en substance que les diff\u00e9rents ateliers constituant chaque projet en lice (texte, mise en sc\u00e8ne, sc\u00e9nographie, musique, interpr\u00e9tation, etc) soient enti\u00e8rement l\u2019\u0153uvre de jeunes ne d\u00e9passant pas 35 ans.<br \/>Autres crit\u00e8res \u00e0 respecter pour pouvoir pr\u00e9tendre \u00e0 une participation \u00e0 ces journ\u00e9es, le nombre d\u2019\u00e9l\u00e9ments constituant une troupe qui, selon le communiqu\u00e9, ne doit pas d\u00e9passer huit personnes, qui auront \u00e0 pr\u00e9senter une prestation d\u2019au moins 60 mn. Le dernier d\u00e9lai de d\u00e9p\u00f4t des projets est fix\u00e9 au premier ao\u00fbt 2021 et les frais de s\u00e9jour durant ces journ\u00e9es sont pris en charge par les organisateurs de cette manifestation qui vient renforcer et enrichir la pratique du 4e art en Alg\u00e9rie.<br \/>Originaire des Issers \u00e0 Boumerd\u00e8s, Fatiha Berb\u00e8re, de son vrai nom Fatiha Bellal, est n\u00e9e le 11 f\u00e9vrier 1945 \u00e0 La Casbah d\u2019Alger o\u00f9 elle avait commenc\u00e9 \u00e0 manifester, d\u00e8s son enfance, des penchants prononc\u00e9s pour les arts de la sc\u00e8ne, que son p\u00e8re, son premier admirateur, avait vite remarqu\u00e9, pour l\u2019encourager \u00e0 suivre sa passion artistique.<br \/>En 1959, elle avait int\u00e9gr\u00e9 la troupe f\u00e9minine de chant et de danse de Meriem Fekkai (1889-1961), une des divas du hawzi et de la chanson andalouse.\u00a0<br \/>La m\u00eame ann\u00e9e, elle int\u00e8gre la section th\u00e9\u00e2tre de l\u2019Institut national de musique et perfectionne sa prestation de com\u00e9dienne, ce qui l\u2019am\u00e8nera \u00e0 vivre de nombreuses cons\u00e9crations, jusqu\u2019\u00e0 sa disparition, le 16 janvier 2015, laissant derri\u00e8re elle une riche carri\u00e8re artistique.<\/p>\n<p>Auteur:<br \/>\n<a href=\"https:\/\/www.lesoirdalgerie.com\/culture\/les-premieres-journees-nationales-fatiha-berber-en-septembre-prochain-62280\">Cliquez ici pour lire l&rsquo;article depuis sa source.<\/a><\/p>\n","protected":false},"excerpt":{"rendered":"<p>Les premi\u00e8res Journ\u00e9es nationales Fatiha-Berber d\u00e9di\u00e9es au th\u00e9\u00e2tre de jeunes sont programm\u00e9es pour le mois de septembre prochain, annonce l\u2019association culturelle \u00abEl Manara\u00bb de la ville de Corso (Boumerd\u00e8s), organisatrice de l&rsquo;\u00e9v\u00e9nement.\u00a0L\u2019initiative d\u2019organiser p\u00e9riodiquement \u00e0 Boumerd\u00e8s des journ\u00e9es nationales de th\u00e9\u00e2tre portant le nom de Fatiha Berber (1945-2015) intervient en hommage \u00e0 cette grande dame, [&hellip;]<\/p>\n","protected":false},"author":1741,"featured_media":0,"comment_status":"closed","ping_status":"closed","sticky":false,"template":"","format":"standard","meta":{"fifu_image_url":"","fifu_image_alt":"","footnotes":""},"categories":[73,53],"tags":[],"class_list":["post-118097","post","type-post","status-publish","format-standard","hentry","category-actualite","category-algerie"],"_links":{"self":[{"href":"https:\/\/linitiative.ca\/International\/wp-json\/wp\/v2\/posts\/118097","targetHints":{"allow":["GET"]}}],"collection":[{"href":"https:\/\/linitiative.ca\/International\/wp-json\/wp\/v2\/posts"}],"about":[{"href":"https:\/\/linitiative.ca\/International\/wp-json\/wp\/v2\/types\/post"}],"author":[{"embeddable":true,"href":"https:\/\/linitiative.ca\/International\/wp-json\/wp\/v2\/users\/1741"}],"replies":[{"embeddable":true,"href":"https:\/\/linitiative.ca\/International\/wp-json\/wp\/v2\/comments?post=118097"}],"version-history":[{"count":0,"href":"https:\/\/linitiative.ca\/International\/wp-json\/wp\/v2\/posts\/118097\/revisions"}],"wp:attachment":[{"href":"https:\/\/linitiative.ca\/International\/wp-json\/wp\/v2\/media?parent=118097"}],"wp:term":[{"taxonomy":"category","embeddable":true,"href":"https:\/\/linitiative.ca\/International\/wp-json\/wp\/v2\/categories?post=118097"},{"taxonomy":"post_tag","embeddable":true,"href":"https:\/\/linitiative.ca\/International\/wp-json\/wp\/v2\/tags?post=118097"}],"curies":[{"name":"wp","href":"https:\/\/api.w.org\/{rel}","templated":true}]}}