{"id":118098,"date":"2021-06-06T06:00:00","date_gmt":"2021-06-06T10:00:00","guid":{"rendered":"https:\/\/linitiative.ca\/International\/la-face-cachee-de-lhumain\/"},"modified":"2021-06-06T06:00:00","modified_gmt":"2021-06-06T10:00:00","slug":"la-face-cachee-de-lhumain","status":"publish","type":"post","link":"https:\/\/linitiative.ca\/International\/la-face-cachee-de-lhumain\/","title":{"rendered":"La face cach\u00e9e de l\u2019humain"},"content":{"rendered":"<p class=\"c3\">Coupable et victime en m\u00eame temps ? En tout cas, le titre en arabe \u00abHaggar, mahgour we ma yhebche el hogra\u00bb du texte en fran\u00e7ais de Chawki Amari, pour l\u2019exposition d\u2019arts plastiques \u00abPr\u00e9dateurs\u00bb de Kenza Daoud \u00e0 la Bloom Art Factory \u00e0 Alger, le laisse supposer.\u00a0\u00a0<br \/>\u00a0D\u2019ailleurs, on dit que c\u2019est l\u2019Alg\u00e9rien moyen qui est \u00aboppresseur, opprim\u00e9 et qui n\u2019aime pas l\u2019oppression\u00bb,\u00a0 en m\u00eame temps.<br \/>\u00abD\u00e9rangeants, \u00e9tranges, perturbants, voire choquants, il y a dans l&rsquo;histoire de l&rsquo;art des chefs-d\u2019\u0153uvre que l&rsquo;on n\u2019 imagine pourtant pas avoir dans son salon\u00bb, \u00e9crit, de son c\u00f4t\u00e9, la galeriste Sabrina Tazamoucht. En effet, peu de gens aimerait voir les \u0153uvres de cette exposition de Kenza Daoud dans leur salon.\u00a0<br \/>Assembl\u00e9es,\u00a0 elles ressembleraient \u00e0 un Guernica\u00a0 ou \u00e0 un champ de bataille, apr\u00e8s une bataille dans laquelle un Candide perdrait, sans aucun\u00a0 doute, son optimisme d\u00e9finitivement. Point de beaut\u00e9s grecques, d\u2019Apollon ou\u00a0 de V\u00e9nus, dans les nus de \u00abPr\u00e9dateurs\u00bb ! Au contraire, certains \u00abnus\u00bb semblent \u00eatre des revenants d\u2019Auschwitz !<br \/>\u00abDepuis \u2018\u2018Les Ali\u00e9n\u00e9s\u2019\u2019, premi\u00e8re exposition en septembre 2019 et sujet de son m\u00e9moire de fin d\u2019\u00e9tudes \u00e0 l\u2019\u00c9cole r\u00e9gionale des beaux-arts de Tipasa, elle s&rsquo;affranchit de certains diktats du march\u00e9 de l&rsquo;art, la finalit\u00e9 de son esth\u00e9tique est ailleurs\u2026Ses peintures et sculptures nous forcent \u00e0 regarder le monde avec lucidit\u00e9\u00bb, \u00e9crit encore Sabrina Tazamoucht, au sujet de Kenza Daoud et de son art. Voir et reconna\u00eetre ses d\u00e9fauts est sans doute\u00a0 le premier pas vers un devenir meilleur.\u00a0<br \/>\u00abPr\u00e9dateurs\u00bb, cette expo qui d\u00e9range, interpelle et donne \u00e0 r\u00e9fl\u00e9chir est ouverte jusqu\u2019au 12 juin 2021 \u00e0 la galerie d\u2019art Bloom, situ\u00e9e au quartier d\u2019El Biar, sur les hauteurs d\u2019Alger.<br \/>Kader B.<\/p>\n<p>Auteur:<br \/>\n<a href=\"https:\/\/www.lesoirdalgerie.com\/culture\/la-face-cachee-de-lhumain-62279\">Cliquez ici pour lire l&rsquo;article depuis sa source.<\/a><\/p>\n","protected":false},"excerpt":{"rendered":"<p>Coupable et victime en m\u00eame temps ? En tout cas, le titre en arabe \u00abHaggar, mahgour we ma yhebche el hogra\u00bb du texte en fran\u00e7ais de Chawki Amari, pour l\u2019exposition d\u2019arts plastiques \u00abPr\u00e9dateurs\u00bb de Kenza Daoud \u00e0 la Bloom Art Factory \u00e0 Alger, le laisse supposer.\u00a0\u00a0\u00a0D\u2019ailleurs, on dit que c\u2019est l\u2019Alg\u00e9rien moyen qui est \u00aboppresseur, [&hellip;]<\/p>\n","protected":false},"author":1741,"featured_media":0,"comment_status":"closed","ping_status":"closed","sticky":false,"template":"","format":"standard","meta":{"fifu_image_url":"","fifu_image_alt":"","footnotes":""},"categories":[73,53],"tags":[],"class_list":["post-118098","post","type-post","status-publish","format-standard","hentry","category-actualite","category-algerie"],"_links":{"self":[{"href":"https:\/\/linitiative.ca\/International\/wp-json\/wp\/v2\/posts\/118098","targetHints":{"allow":["GET"]}}],"collection":[{"href":"https:\/\/linitiative.ca\/International\/wp-json\/wp\/v2\/posts"}],"about":[{"href":"https:\/\/linitiative.ca\/International\/wp-json\/wp\/v2\/types\/post"}],"author":[{"embeddable":true,"href":"https:\/\/linitiative.ca\/International\/wp-json\/wp\/v2\/users\/1741"}],"replies":[{"embeddable":true,"href":"https:\/\/linitiative.ca\/International\/wp-json\/wp\/v2\/comments?post=118098"}],"version-history":[{"count":0,"href":"https:\/\/linitiative.ca\/International\/wp-json\/wp\/v2\/posts\/118098\/revisions"}],"wp:attachment":[{"href":"https:\/\/linitiative.ca\/International\/wp-json\/wp\/v2\/media?parent=118098"}],"wp:term":[{"taxonomy":"category","embeddable":true,"href":"https:\/\/linitiative.ca\/International\/wp-json\/wp\/v2\/categories?post=118098"},{"taxonomy":"post_tag","embeddable":true,"href":"https:\/\/linitiative.ca\/International\/wp-json\/wp\/v2\/tags?post=118098"}],"curies":[{"name":"wp","href":"https:\/\/api.w.org\/{rel}","templated":true}]}}