{"id":118099,"date":"2021-06-06T06:00:00","date_gmt":"2021-06-06T10:00:00","guid":{"rendered":"https:\/\/linitiative.ca\/International\/les-gens-den-haut\/"},"modified":"2021-06-06T06:00:00","modified_gmt":"2021-06-06T10:00:00","slug":"les-gens-den-haut","status":"publish","type":"post","link":"https:\/\/linitiative.ca\/International\/les-gens-den-haut\/","title":{"rendered":"Les gens d\u2019en-haut !"},"content":{"rendered":"<p class=\"c3\">&#8211; T\u2019as lu l\u2019interview de Djidji ? Il a dit qu\u2019avant, la D\u00e9z\u00e9die, c\u2019\u00e9tait une R\u00e9publique Banani\u00e8re !<br \/>&#8211; Ouais ! Il a juste oubli\u00e9 de pr\u00e9ciser qu\u2019aujourd\u2019hui, c\u2019est une R\u00e9publique Fraisi\u00e8re !<br \/>&#8211; ???<\/p>\n<p class=\"c3\">C\u2019est un lieu \u00abmythique\u00bb. Un endroit qui n\u2019est r\u00e9pertori\u00e9 nulle part ! Ni sur les cartes, ni dans les Atlas, encore moins dans les GPS. C\u2019est juste\u2026 \u00aben-haut\u00bb ! Demerde-toi avec cette seule indication. C\u2019est comme \u00e7a, un truc qu\u2019on te sort d\u00e8s que tu commences \u00e0 fouiner, \u00e0 chercher d\u2019o\u00f9 viennent les mots d\u2019en-haut qui cr\u00e9ent les maux, le malaise en-bas. Encore, l\u2019autre jour. Lors de sa conf\u00e9rence de presse, et \u00e0 une question sur les candidats \u00e0 la l\u00e9gislative qui utilisent son nom et les Verts dans leur campagne \u00e9lectorale, le coach national, Belmadi, a r\u00e9pondu : \u00abCes candidats se r\u00e9clament d\u2019en-haut !\u00bb Dans ce brouillard \u00e9pais du \u00aben-haut\u00bb non localisable, non mat\u00e9rialisable, toi, il ne te reste que la r\u00e9action pu\u00e9rile et unique du mec et de la nana d\u2019en-bas. Te poser des questions tr\u00e8s\u2026 terre-\u00e0-terre. En-haut, c\u2019est quoi ? Une vo\u00fbte c\u00e9leste ? Dans ou hors de l\u2019atmosph\u00e8re terrestre ? Une secte sans domicile fixe mais qui fixe tout en-bas ? Une sorte de club tr\u00e8s ferm\u00e9 suspendu trop haut pour que tes yeux de quidam terrien scotch\u00e9 par la gravit\u00e9 puissent le distinguer ? S\u2019il s\u2019agit r\u00e9ellement d\u2019une secte, comment ses membres ont pu se hisser aussi vite en-haut ? Sur les \u00e9paules des gens d\u2019en-bas ? Sur leurs voix ? Voire sur leurs corps ? \u00c0 supposer que les spationautes d\u2019en-haut fassent preuve d\u2019un peu de compassion envers les bip\u00e8des d\u2019en-bas, leur serait-il possible d\u2019organiser des excursions vers ce en-haut. Pour nous, les habitants d\u2019en bas ? Si techniquement, ils ne peuvent le faire, pouvons-nous alors lancer une cagnotte, une collecte de fonds pour demander \u00e0 Elon Musk de nous organiser \u00e7a vite fait. C\u2019est dans ses cordes \u00e0 ce g\u00e9nie qui vit sur terre, qui a une adresse, une localisation, contrairement aux gens d\u2019en-haut. Nous proc\u00e9derions alors de mani\u00e8re simple, comme savent le faire les gens d\u2019en-bas. Chaque mois, un tirage au sort qui verrait les heureux laur\u00e9ats voyager quelques heures vers l\u2019en-haut. Voir \u00e0 quoi \u00e7a ressemble tout \u00e7a ! Mais qui d\u00e9livrera l\u2019autorisation pour cette cagnotte ? Parce que je suppose que pour marcher ou voler ou marcher en volant vers cet en-haut, il faut une autorisation du minist\u00e8re de l\u2019Int\u00e9rieur ou de quelque autorit\u00e9 perch\u00e9e tr\u00e8s haut. Les gens d\u2019en-haut ? Et m\u2026 ! Comment leur demander de le faire si nous ne savons pas o\u00f9 ils cr\u00e8chent ? Je fume du th\u00e9 sur terre et je reste \u00e9veill\u00e9 \u00e0 ce cauchemar qui continue\u2026 en-bas !\u00a0<br \/><em><strong>H. L.<\/strong><\/em><\/p>\n<p>Auteur:<br \/>\n<a href=\"https:\/\/www.lesoirdalgerie.com\/pousse-avec-eux\/les-gens-den-haut-62278\">Cliquez ici pour lire l&rsquo;article depuis sa source.<\/a><\/p>\n","protected":false},"excerpt":{"rendered":"<p>&#8211; T\u2019as lu l\u2019interview de Djidji ? Il a dit qu\u2019avant, la D\u00e9z\u00e9die, c\u2019\u00e9tait une R\u00e9publique Banani\u00e8re !&#8211; Ouais ! Il a juste oubli\u00e9 de pr\u00e9ciser qu\u2019aujourd\u2019hui, c\u2019est une R\u00e9publique Fraisi\u00e8re !&#8211; ??? C\u2019est un lieu \u00abmythique\u00bb. Un endroit qui n\u2019est r\u00e9pertori\u00e9 nulle part ! Ni sur les cartes, ni dans les Atlas, encore moins [&hellip;]<\/p>\n","protected":false},"author":1741,"featured_media":0,"comment_status":"closed","ping_status":"closed","sticky":false,"template":"","format":"standard","meta":{"fifu_image_url":"","fifu_image_alt":"","footnotes":""},"categories":[73,53],"tags":[],"class_list":["post-118099","post","type-post","status-publish","format-standard","hentry","category-actualite","category-algerie"],"_links":{"self":[{"href":"https:\/\/linitiative.ca\/International\/wp-json\/wp\/v2\/posts\/118099","targetHints":{"allow":["GET"]}}],"collection":[{"href":"https:\/\/linitiative.ca\/International\/wp-json\/wp\/v2\/posts"}],"about":[{"href":"https:\/\/linitiative.ca\/International\/wp-json\/wp\/v2\/types\/post"}],"author":[{"embeddable":true,"href":"https:\/\/linitiative.ca\/International\/wp-json\/wp\/v2\/users\/1741"}],"replies":[{"embeddable":true,"href":"https:\/\/linitiative.ca\/International\/wp-json\/wp\/v2\/comments?post=118099"}],"version-history":[{"count":0,"href":"https:\/\/linitiative.ca\/International\/wp-json\/wp\/v2\/posts\/118099\/revisions"}],"wp:attachment":[{"href":"https:\/\/linitiative.ca\/International\/wp-json\/wp\/v2\/media?parent=118099"}],"wp:term":[{"taxonomy":"category","embeddable":true,"href":"https:\/\/linitiative.ca\/International\/wp-json\/wp\/v2\/categories?post=118099"},{"taxonomy":"post_tag","embeddable":true,"href":"https:\/\/linitiative.ca\/International\/wp-json\/wp\/v2\/tags?post=118099"}],"curies":[{"name":"wp","href":"https:\/\/api.w.org\/{rel}","templated":true}]}}