{"id":118100,"date":"2021-06-06T06:00:00","date_gmt":"2021-06-06T10:00:00","guid":{"rendered":"https:\/\/linitiative.ca\/International\/diaspora-et-paranoia\/"},"modified":"2021-06-06T06:00:00","modified_gmt":"2021-06-06T10:00:00","slug":"diaspora-et-paranoia","status":"publish","type":"post","link":"https:\/\/linitiative.ca\/International\/diaspora-et-paranoia\/","title":{"rendered":"Diaspora et parano\u00efa"},"content":{"rendered":"<p class=\"c3\">Franchement, peut-on commenter tranquillement, sereinement, les mesures assez s\u00e9v\u00e8res qui accompagnent la r\u00e9ouverture des fronti\u00e8res de l\u2019Alg\u00e9rie ? Peut-on en parler d\u2019un point de vue strictement sanitaire, sans leur donner un contenu politique, pourtant in\u00e9vitable ?<br \/>Dans le double contexte de tension d\u00fb, d\u2019une part, \u00e0 la crise sanitaire et \u00e0 ses cons\u00e9quences d\u00e9sastreuses sur bien des plans et, d\u2019autre part, au Hirak et \u00e0 l\u2019insens\u00e9e diabolisation de la diaspora alg\u00e9rienne, il est difficile, en effet, d\u2019aborder la question sans faire ni subir de d\u00e9g\u00e2ts.<br \/>D\u2019un c\u00f4t\u00e9 donc, la crise sanitaire qui aurait dict\u00e9 la fermeture des fronti\u00e8res, laquelle a jet\u00e9 \u00e0 travers le monde des milliers d\u2019Alg\u00e9riens bloqu\u00e9s sans ressources et surtout sans pouvoir compter sur personne, pas m\u00eame sur les repr\u00e9sentants de leur \u00c9tat. Et pendant ce temps, semble-t-il, certains n\u2019ont eu de cesse\u00a0 de\u00a0 jouer \u00e0 saute fronti\u00e8res. On dit m\u00eame qu\u2019il y en a qui se seraient autoris\u00e9s \u00e0 se rendre \u00e0 Paris pour\u2026 une simple consultation dentaire. On dit\u2026<br \/>En revanche, des milliers d\u2019Alg\u00e9riens r\u00e9sidant en Alg\u00e9rie et bloqu\u00e9s \u00e0 l\u2019\u00e9tranger restent encore en rade comme s\u2019ils \u00e9taient apatrides, lesquels apatrides d\u2019ailleurs peuvent, eux, au moins esp\u00e9rer le soutien des organisations internationales. Quant aux Alg\u00e9riens r\u00e9sidant \u00e0 l\u2019\u00e9tranger \u2014 membres de cette fameuse diaspora dont le nom est devenu symbole de blasph\u00e8me antipatriotique, c\u2019est encore pire. Contraints de rentrer chez eux pour des imp\u00e9ratifs familiaux ou sociaux, leur situation a carr\u00e9ment bascul\u00e9 dans l\u2019absurde. Ils auraient ralli\u00e9 la Tunisie pour rentrer ill\u00e9galement dans leur patrie, pratiquant ainsi de la harga \u00e0 l\u2019envers. Entrer ill\u00e9galement, sortir ill\u00e9galement, si les portes du pays demeurent closes, celles de l\u2019absurde sont grandes ouvertes.<br \/>Les images de ces Alg\u00e9riens se bousculant, sans aucune pr\u00e9caution sanitaire, devant l\u2019agence d\u2019Air Alg\u00e9rie de Marseille, expriment un d\u00e9sarroi qui annihile tous les discours triomphalistes tenus \u00e0 partir d\u2019Alger. Ces discours ne cessent de nous dire \u00e0 quel point nous avons la chance d\u2019\u00eatre gouvern\u00e9s par ceux qui nous gouvernent. Le reste des mesures, ressenties par la plupart des \u00e9migr\u00e9s comme une injustice, au lieu de pr\u00eater \u00e0 d\u00e9bat, deviennent au contraire des pr\u00e9textes \u00e0 excommunication. Ce n\u2019est pas pour rien qu\u2019il y a eu des protestations devant les repr\u00e9sentations consulaires alg\u00e9riennes \u00e0 l\u2019\u00e9tranger. Imposer plusieurs jours de confinement dans un h\u00f4tel \u00e0 des dizaines d\u2019euros la nuit\u00e9e, payables en devises, au moins deux tests r\u00e9glables\u00a0 eux aussi en monnaie convertible, sans compter le prix des billets qui atteignent des sommets, voil\u00e0 une fa\u00e7on r\u00e9dhibitoire de d\u00e9courager le retour au bercail. On nous dit que la faute en incombe \u00e0 la rigueur sanitaire et que l\u2019Alg\u00e9rie n\u2019est pas le seul pays au monde \u00e0 pratiquer de telles exigences, c\u2019est s\u00fbrement vrai mais il n\u2019en demeure pas moins que la diaspora se sent largu\u00e9e et pour tout dire ind\u00e9sirable. D\u2019ailleurs, des commentaires sur les r\u00e9seaux sociaux de profils louches, servant s\u00fbrement des desseins ais\u00e9s \u00e0 identifier, parach\u00e8vent cette attaque en r\u00e8gle contre la diaspora en faisant un ramassis de trafiquants de devises et de parasites.<br \/>On aura rarement vu un pays qui se construit rejeter \u00e0 ce point ses ressortissants qui travaillent et vivent \u00e0 l\u2019\u00e9tranger. Cette attitude d\u2019ostracisme incompr\u00e9hensible, de d\u00e9nigrement de la diaspora rel\u00e8verait presque d\u2019un syndrome parano\u00efaque. Elle est en tout cas clairement antipolitique et anti\u00e9conomique. Tous les pays du monde qui, comme l\u2019Alg\u00e9rie, ont la chance d\u2019avoir une \u00e9lite dans tous les domaines, scientifique, technique, intellectuel, artistique, sportif, quelles que soient les raisons de l\u2019immigration, cherchent \u00e0 la faire revenir autrement que par la culpabilisation. Eh bien chez nous, parce que la diaspora a dans sa diversit\u00e9 aussi \u00e9tendue que celle des Alg\u00e9riens en Alg\u00e9rie, adopt\u00e9 le Hirak d\u00e8s sa naissance, parce qu\u2019elle fait corps avec son peuple, elle est rejet\u00e9e et m\u00eame criminalis\u00e9e.<br \/>Comment, diantre, en est-on arriv\u00e9 \u00e0 ce point d\u2019arasement politique et de confusion s\u00e9mantique tel que le fait de contester le pouvoir \u2013 ce qui rel\u00e8ve de la basique libert\u00e9 d\u2019expression \u2014 soit devenu synonyme de d\u00e9nigrement du pays ? On se demanderait presque, au point o\u00f9 nous en sommes, quelle attitude ou quelle posture adopterait le pouvoir vis-\u00e0-vis de la diaspora si cette derni\u00e8re s\u2019\u00e9tait\u00a0 majoritairement exprim\u00e9e en faveur des \u00e9lections l\u00e9gislatives imminentes. Pour s\u00fbr que le discours \u00e0 son endroit aurait \u00e9t\u00e9 diff\u00e9rent et les mesures plus cl\u00e9mentes. Le fait est que la diaspora, bien que vivant dans des syst\u00e8mes \u00e9trangers, est habit\u00e9e par l\u2019Alg\u00e9rie, soucieuse de contribuer au changement si possible d\u00e9mocratique, et que les invectives et les exclusions par lesquels on veut la d\u00e9signer comme un ennemi de l\u2019Alg\u00e9rie sont politiquement primaires et moralement douteuses. Il est temps de raison recouvrer !<br \/><em><strong>A. M.<\/strong><\/em><\/p>\n<p>Auteur:<br \/>\n<a href=\"https:\/\/www.lesoirdalgerie.com\/ici-mieux-que-la-bas\/diaspora-et-paranoia-62277\">Cliquez ici pour lire l&rsquo;article depuis sa source.<\/a><\/p>\n","protected":false},"excerpt":{"rendered":"<p>Franchement, peut-on commenter tranquillement, sereinement, les mesures assez s\u00e9v\u00e8res qui accompagnent la r\u00e9ouverture des fronti\u00e8res de l\u2019Alg\u00e9rie ? Peut-on en parler d\u2019un point de vue strictement sanitaire, sans leur donner un contenu politique, pourtant in\u00e9vitable ?Dans le double contexte de tension d\u00fb, d\u2019une part, \u00e0 la crise sanitaire et \u00e0 ses cons\u00e9quences d\u00e9sastreuses sur bien [&hellip;]<\/p>\n","protected":false},"author":1741,"featured_media":0,"comment_status":"closed","ping_status":"closed","sticky":false,"template":"","format":"standard","meta":{"fifu_image_url":"","fifu_image_alt":"","footnotes":""},"categories":[73,53],"tags":[],"class_list":["post-118100","post","type-post","status-publish","format-standard","hentry","category-actualite","category-algerie"],"_links":{"self":[{"href":"https:\/\/linitiative.ca\/International\/wp-json\/wp\/v2\/posts\/118100","targetHints":{"allow":["GET"]}}],"collection":[{"href":"https:\/\/linitiative.ca\/International\/wp-json\/wp\/v2\/posts"}],"about":[{"href":"https:\/\/linitiative.ca\/International\/wp-json\/wp\/v2\/types\/post"}],"author":[{"embeddable":true,"href":"https:\/\/linitiative.ca\/International\/wp-json\/wp\/v2\/users\/1741"}],"replies":[{"embeddable":true,"href":"https:\/\/linitiative.ca\/International\/wp-json\/wp\/v2\/comments?post=118100"}],"version-history":[{"count":0,"href":"https:\/\/linitiative.ca\/International\/wp-json\/wp\/v2\/posts\/118100\/revisions"}],"wp:attachment":[{"href":"https:\/\/linitiative.ca\/International\/wp-json\/wp\/v2\/media?parent=118100"}],"wp:term":[{"taxonomy":"category","embeddable":true,"href":"https:\/\/linitiative.ca\/International\/wp-json\/wp\/v2\/categories?post=118100"},{"taxonomy":"post_tag","embeddable":true,"href":"https:\/\/linitiative.ca\/International\/wp-json\/wp\/v2\/tags?post=118100"}],"curies":[{"name":"wp","href":"https:\/\/api.w.org\/{rel}","templated":true}]}}