{"id":118103,"date":"2021-06-06T16:57:48","date_gmt":"2021-06-06T20:57:48","guid":{"rendered":"https:\/\/linitiative.ca\/International\/derniere-minute-video-etat-de-sante-de-abir-moussi\/"},"modified":"2021-06-06T16:57:48","modified_gmt":"2021-06-06T20:57:48","slug":"derniere-minute-video-etat-de-sante-de-abir-moussi","status":"publish","type":"post","link":"https:\/\/linitiative.ca\/International\/derniere-minute-video-etat-de-sante-de-abir-moussi\/","title":{"rendered":"Derni\u00e8re minute [VIDEO]: Etat de sant\u00e9 de Abir Moussi"},"content":{"rendered":"<div id=\"content-main\" class=\"left relative left relative\">\n<div class=\"post-info-out\">\n<div class=\"post-info-img left relative\"><img decoding=\"async\" alt=\"\" src=\"https:\/\/secure.gravatar.com\/avatar\/ea481d7287ad38ca1787f44b5bb1b70e?s=50&amp;d=mm&amp;r=g\" srcset=\"https:\/\/secure.gravatar.com\/avatar\/ea481d7287ad38ca1787f44b5bb1b70e?s=100&amp;d=mm&amp;r=g 2x\" class=\"avatar avatar-50 photo\" height=\"50\" width=\"50\" loading=\"lazy\"\/><\/div>\n<div class=\"post-info-in\">\n<div class=\"post-info-right left relative post-info-name left relative\"><span><span class=\"post-info-text\">Par<\/span> <span class=\"author-name vcard fn author\"><a href=\"https:\/\/www.tunisienumerique.com\/author\/rania-ben-slimane\/\" title=\"Articles par rania ben slimane\" rel=\"author\">rania ben slimane<\/a><\/span><\/span> <span class=\"post-date updated\"><time class=\"post-date updated\" datetime=\"2021-06-06\">\u00a0| Il y a 24 minutes<\/time><\/span><br \/>\n<meta itemprop=\"dateModified\" content=\"2021-06-06\"\/><\/div>\n<\/div>\n<\/div>\n<div class=\"code-block code-block-1 c5\">\n <ins class=\"adsbygoogle c4\" data-ad-layout=\"in-article\" data-ad-format=\"fluid\" data-ad-client=\"ca-pub-2102118777505746\" data-ad-slot=\"7301775417\"\/>\n<\/div>\n<p>En marge de la manifestation tenue aujourd\u2019hui 06 juin \u00e0 Bardo, l\u2019\u00e9tat de sant\u00e9 de la Cheffe du PDL s\u2019est d\u00e9t\u00e9rior\u00e9e, le Dr Boubaker Zakhama m\u00e9decin, par ailleurs ancien d\u00e9put\u00e9 PDL, lui diagnostiqu\u00e9 une insolation, c\u2019est \u00e0 dire un coup de chaleur provoqu\u00e9 par une trop longue exposition au soleil.<\/p>\n<p>Compte tenu de son \u00e9tat g\u00e9n\u00e9ral, ce dernier a recommand\u00e9 son transfert dans une clinique priv\u00e9e pour y recevoir des soins.<\/p>\n<p>Madame Abir a annonc\u00e9 aux manifestants qu\u2019elle \u201cprendra soin d\u2019elle-m\u00eame pour poursuivre sa lutte jusqu\u2019au dernier souffle\u201d.<\/p>\n<p>Des sources ont indiqu\u00e9 \u00e0 Tunisienum\u00e9rique, il y a quelques minutes, qu\u2019elle a quitt\u00e9 la clinique et que sa sant\u00e9 a \u00e9t\u00e9 r\u00e9tablie.<\/p>\n<div class=\"swp_social_panel swp_horizontal_panel swp_flat_fresh swp_default_full_color swp_individual_full_color swp_other_full_color scale-100 scale-\" data-min-width=\"1100\" data-float-color=\"#ffffff\" data-float=\"bottom\" data-float-mobile=\"bottom\" data-transition=\"slide\">\n<div class=\"nc_tweetContainer swp_share_button total_shares total_sharesalt\"><span class=\"swp_count\">0 <span class=\"swp_label\">Partages<\/span><\/span><\/div>\n<\/div>\n<p><strong>Que se passe-t-il en Tunisie?<\/strong><br \/>Nous expliquons sur notre <a href=\"https:\/\/www.youtube.com\/channel\/UCRzypVq0B_yBad5eGrwBx0Q?sub_confirmation=1\" target=\"_blank\" rel=\"noopener\">cha\u00eene YouTube<\/a> . <a href=\"https:\/\/www.youtube.com\/channel\/UCRzypVq0B_yBad5eGrwBx0Q?sub_confirmation=1\" target=\"_blank\" rel=\"noopener\">Abonnez-vous!<\/a><\/p>\n<div class=\"mvp-org-wrap\" itemprop=\"publisher\">\n<div class=\"mvp-org-logo\" itemprop=\"logo\"><img decoding=\"async\" src=\"https:\/\/www.tunisienumerique.com\/wp-content\/uploads\/2017\/02\/logo_tunisie_numerique.png\"\/><br \/>\n<meta itemprop=\"url\" content=\"https:\/\/www.tunisienumerique.com\/wp-content\/uploads\/2017\/02\/logo_tunisie_numerique.png\"\/><\/div>\n<p><meta content=\"Tunisie\"\/><\/div>\n<div class=\"mvp-related-posts left relative\">\n<h4 class=\"post-header\"><span class=\"post-header\">Lire aussi<\/span><\/h4>\n<\/div>\n<div id=\"article-ad\">\n <ins class=\"adsbygoogle c6\" data-ad-client=\"ca-pub-2102118777505746\" data-ad-slot=\"6513972734\" data-ad-format=\"auto\" data-full-width-responsive=\"true\"\/>\n<\/div>\n<\/div>\n<div id=\"post-sidebar-wrap\">\n <ins class=\"adsbygoogle c6\" data-ad-client=\"ca-pub-2102118777505746\" data-ad-slot=\"6168283410\" data-ad-format=\"auto\" data-full-width-responsive=\"true\"\/>\n<\/div>\n<p>Auteur: rania ben slimane<br \/>\n<a href=\"https:\/\/www.tunisienumerique.com\/derniere-minute-video-etat-de-sante-de-abir-moussi\/\">Cliquez ici pour lire l&rsquo;article depuis sa source.<\/a><\/p>\n","protected":false},"excerpt":{"rendered":"<p>Par rania ben slimane \u00a0| Il y a 24 minutes En marge de la manifestation tenue aujourd\u2019hui 06 juin \u00e0 Bardo, l\u2019\u00e9tat de sant\u00e9 de la Cheffe du PDL s\u2019est d\u00e9t\u00e9rior\u00e9e, le Dr Boubaker Zakhama m\u00e9decin, par ailleurs ancien d\u00e9put\u00e9 PDL, lui diagnostiqu\u00e9 une insolation, c\u2019est \u00e0 dire un coup de chaleur provoqu\u00e9 par une [&hellip;]<\/p>\n","protected":false},"author":1789,"featured_media":0,"comment_status":"closed","ping_status":"closed","sticky":false,"template":"","format":"standard","meta":{"fifu_image_url":"https:\/\/secure.gravatar.com\/avatar\/ea481d7287ad38ca1787f44b5bb1b70e?s=50&d=mm&r=g","fifu_image_alt":"Derni\u00e8re minute [VIDEO]: Etat de sant\u00e9 de Abir Moussi","footnotes":""},"categories":[73,55],"tags":[],"class_list":["post-118103","post","type-post","status-publish","format-standard","hentry","category-actualite","category-tunisie"],"_links":{"self":[{"href":"https:\/\/linitiative.ca\/International\/wp-json\/wp\/v2\/posts\/118103","targetHints":{"allow":["GET"]}}],"collection":[{"href":"https:\/\/linitiative.ca\/International\/wp-json\/wp\/v2\/posts"}],"about":[{"href":"https:\/\/linitiative.ca\/International\/wp-json\/wp\/v2\/types\/post"}],"author":[{"embeddable":true,"href":"https:\/\/linitiative.ca\/International\/wp-json\/wp\/v2\/users\/1789"}],"replies":[{"embeddable":true,"href":"https:\/\/linitiative.ca\/International\/wp-json\/wp\/v2\/comments?post=118103"}],"version-history":[{"count":0,"href":"https:\/\/linitiative.ca\/International\/wp-json\/wp\/v2\/posts\/118103\/revisions"}],"wp:attachment":[{"href":"https:\/\/linitiative.ca\/International\/wp-json\/wp\/v2\/media?parent=118103"}],"wp:term":[{"taxonomy":"category","embeddable":true,"href":"https:\/\/linitiative.ca\/International\/wp-json\/wp\/v2\/categories?post=118103"},{"taxonomy":"post_tag","embeddable":true,"href":"https:\/\/linitiative.ca\/International\/wp-json\/wp\/v2\/tags?post=118103"}],"curies":[{"name":"wp","href":"https:\/\/api.w.org\/{rel}","templated":true}]}}