{"id":118105,"date":"2021-06-06T17:16:52","date_gmt":"2021-06-06T21:16:52","guid":{"rendered":"https:\/\/linitiative.ca\/International\/tunisie-renforcement-des-capacites-de-la-region-de-gafsa-dans-la-lutte-contre-le-covid\/"},"modified":"2021-06-06T17:16:52","modified_gmt":"2021-06-06T21:16:52","slug":"tunisie-renforcement-des-capacites-de-la-region-de-gafsa-dans-la-lutte-contre-le-covid","status":"publish","type":"post","link":"https:\/\/linitiative.ca\/International\/tunisie-renforcement-des-capacites-de-la-region-de-gafsa-dans-la-lutte-contre-le-covid\/","title":{"rendered":"Tunisie \u2013 Renforcement des capacit\u00e9s de la r\u00e9gion de Gafsa dans la lutte contre le covid"},"content":{"rendered":"<div id=\"content-main\" class=\"left relative left relative\">\n<div class=\"post-info-out\">\n<div class=\"post-info-img left relative\"><img decoding=\"async\" alt=\"\" src=\"https:\/\/secure.gravatar.com\/avatar\/047123be9d5e8513774383916ee72db2?s=50&amp;d=mm&amp;r=g\" srcset=\"https:\/\/secure.gravatar.com\/avatar\/047123be9d5e8513774383916ee72db2?s=100&amp;d=mm&amp;r=g 2x\" class=\"avatar avatar-50 photo\" height=\"50\" width=\"50\" loading=\"lazy\"\/><\/div>\n<div class=\"post-info-in\">\n<div class=\"post-info-right left relative post-info-name left relative\"><span><span class=\"post-info-text\">Par<\/span> <span class=\"author-name vcard fn author\"><a href=\"https:\/\/www.tunisienumerique.com\/author\/lm\/\" title=\"Articles par LM\" rel=\"author\">LM<\/a><\/span><\/span> <span class=\"post-date updated\"><time class=\"post-date updated\" datetime=\"2021-06-06\">\u00a0| Il y a 22 secondes<\/time><\/span><br \/>\n<meta itemprop=\"dateModified\" content=\"2021-06-06\"\/><\/div>\n<\/div>\n<\/div>\n<div class=\"code-block code-block-1 c4\">\n <ins class=\"adsbygoogle c3\" data-ad-layout=\"in-article\" data-ad-format=\"fluid\" data-ad-client=\"ca-pub-2102118777505746\" data-ad-slot=\"7301775417\"\/>\n<\/div>\n<p>Le directeur r\u00e9gional de la sant\u00e9 \u00e0 Gafsa a annonc\u00e9, ce dimanche \u00e0 la TAP, que suite \u00e0 la derni\u00e8re r\u00e9union tenue au si\u00e8ge du minist\u00e8re de la sant\u00e9, il a \u00e9t\u00e9 d\u00e9cid\u00e9 de renforcer les capacit\u00e9s de la r\u00e9gion, en mati\u00e8re de lutte contre le covid.<\/p>\n<p>Il a, ainsi \u00e9t\u00e9 d\u00e9cid\u00e9 de renforcer les services covid dans la r\u00e9gion, avec 4 lits suppl\u00e9mentaires de r\u00e9animation, l\u2019installation de deux cuves \u00e0 oxyg\u00e8nes \u00e0 l\u2019\u00f4pital r\u00e9gional de M\u00e9tlaoui, et \u00e0 l\u2019h\u00f4pital local de Redeyef, d\u2019ici deux mois, l\u2019extension du r\u00e9seau de distribution de l\u2019oxyg\u00e8ne m\u00e9dical dans l\u2019h\u00f4pital d\u2019Oum La\u00e2rayes.<\/p>\n<p>Il a, par ailleurs, \u00e9t\u00e9 d\u00e9cid\u00e9 d\u2019installer une unit\u00e9 covid suppl\u00e9mentaire \u00e0 l\u2019h\u00f4pital de Gafsa, avec 8 lits de r\u00e9animation et 13 lits d\u2019oxyg\u00e8ne. Cette r\u00e9alisation sera financ\u00e9e par l\u2019OMS.<\/p>\n<div class=\"swp_social_panel swp_horizontal_panel swp_flat_fresh swp_default_full_color swp_individual_full_color swp_other_full_color scale-100 scale-\" data-min-width=\"1100\" data-float-color=\"#ffffff\" data-float=\"bottom\" data-float-mobile=\"bottom\" data-transition=\"slide\">\n<div class=\"nc_tweetContainer swp_share_button total_shares total_sharesalt\"><span class=\"swp_count\">0 <span class=\"swp_label\">Partages<\/span><\/span><\/div>\n<\/div>\n<p><strong>Que se passe-t-il en Tunisie?<\/strong><br \/>Nous expliquons sur notre <a href=\"https:\/\/www.youtube.com\/channel\/UCRzypVq0B_yBad5eGrwBx0Q?sub_confirmation=1\" target=\"_blank\" rel=\"noopener\">cha\u00eene YouTube<\/a> . <a href=\"https:\/\/www.youtube.com\/channel\/UCRzypVq0B_yBad5eGrwBx0Q?sub_confirmation=1\" target=\"_blank\" rel=\"noopener\">Abonnez-vous!<\/a><\/p>\n<div class=\"mvp-org-wrap\" itemprop=\"publisher\">\n<div class=\"mvp-org-logo\" itemprop=\"logo\"><img decoding=\"async\" src=\"https:\/\/www.tunisienumerique.com\/wp-content\/uploads\/2017\/02\/logo_tunisie_numerique.png\"\/><br \/>\n<meta itemprop=\"url\" content=\"https:\/\/www.tunisienumerique.com\/wp-content\/uploads\/2017\/02\/logo_tunisie_numerique.png\"\/><\/div>\n<p><meta content=\"Tunisie\"\/><\/div>\n<div class=\"mvp-related-posts left relative\">\n<h4 class=\"post-header\"><span class=\"post-header\">Lire aussi<\/span><\/h4>\n<\/div>\n<div id=\"article-ad\">\n <ins class=\"adsbygoogle c5\" data-ad-client=\"ca-pub-2102118777505746\" data-ad-slot=\"6513972734\" data-ad-format=\"auto\" data-full-width-responsive=\"true\"\/>\n<\/div>\n<\/div>\n<div id=\"post-sidebar-wrap\">\n <ins class=\"adsbygoogle c5\" data-ad-client=\"ca-pub-2102118777505746\" data-ad-slot=\"6168283410\" data-ad-format=\"auto\" data-full-width-responsive=\"true\"\/>\n<\/div>\n<p>Auteur: LM<br \/>\n<a href=\"https:\/\/www.tunisienumerique.com\/tunisie-renforcement-des-capacites-de-la-region-de-gafsa-dans-la-lutte-contre-le-covid\/\">Cliquez ici pour lire l&rsquo;article depuis sa source.<\/a><\/p>\n","protected":false},"excerpt":{"rendered":"<p>Par LM \u00a0| Il y a 22 secondes Le directeur r\u00e9gional de la sant\u00e9 \u00e0 Gafsa a annonc\u00e9, ce dimanche \u00e0 la TAP, que suite \u00e0 la derni\u00e8re r\u00e9union tenue au si\u00e8ge du minist\u00e8re de la sant\u00e9, il a \u00e9t\u00e9 d\u00e9cid\u00e9 de renforcer les capacit\u00e9s de la r\u00e9gion, en mati\u00e8re de lutte contre le covid. [&hellip;]<\/p>\n","protected":false},"author":1789,"featured_media":0,"comment_status":"closed","ping_status":"closed","sticky":false,"template":"","format":"standard","meta":{"fifu_image_url":"https:\/\/secure.gravatar.com\/avatar\/047123be9d5e8513774383916ee72db2?s=50&d=mm&r=g","fifu_image_alt":"Tunisie \u2013 Renforcement des capacit\u00e9s de la r\u00e9gion de Gafsa dans la lutte contre le covid","footnotes":""},"categories":[73,55],"tags":[],"class_list":["post-118105","post","type-post","status-publish","format-standard","hentry","category-actualite","category-tunisie"],"_links":{"self":[{"href":"https:\/\/linitiative.ca\/International\/wp-json\/wp\/v2\/posts\/118105","targetHints":{"allow":["GET"]}}],"collection":[{"href":"https:\/\/linitiative.ca\/International\/wp-json\/wp\/v2\/posts"}],"about":[{"href":"https:\/\/linitiative.ca\/International\/wp-json\/wp\/v2\/types\/post"}],"author":[{"embeddable":true,"href":"https:\/\/linitiative.ca\/International\/wp-json\/wp\/v2\/users\/1789"}],"replies":[{"embeddable":true,"href":"https:\/\/linitiative.ca\/International\/wp-json\/wp\/v2\/comments?post=118105"}],"version-history":[{"count":0,"href":"https:\/\/linitiative.ca\/International\/wp-json\/wp\/v2\/posts\/118105\/revisions"}],"wp:attachment":[{"href":"https:\/\/linitiative.ca\/International\/wp-json\/wp\/v2\/media?parent=118105"}],"wp:term":[{"taxonomy":"category","embeddable":true,"href":"https:\/\/linitiative.ca\/International\/wp-json\/wp\/v2\/categories?post=118105"},{"taxonomy":"post_tag","embeddable":true,"href":"https:\/\/linitiative.ca\/International\/wp-json\/wp\/v2\/tags?post=118105"}],"curies":[{"name":"wp","href":"https:\/\/api.w.org\/{rel}","templated":true}]}}