{"id":118106,"date":"2021-06-06T14:46:24","date_gmt":"2021-06-06T18:46:24","guid":{"rendered":"https:\/\/linitiative.ca\/International\/carnage-a-solhan-au-burkina\/"},"modified":"2021-06-06T14:46:24","modified_gmt":"2021-06-06T18:46:24","slug":"carnage-a-solhan-au-burkina","status":"publish","type":"post","link":"https:\/\/linitiative.ca\/International\/carnage-a-solhan-au-burkina\/","title":{"rendered":"CARNAGE A SOLHAN AU BURKINA"},"content":{"rendered":"<p class=\"c4\"><em>Le d\u00e9compte macabre se poursuit.\u00a0 140 ! C\u2019est le bilan provisoire officiel de civils froidement ex\u00e9cut\u00e9s par des Hommes arm\u00e9s non identifi\u00e9s (HANI) dans le village de Solhan dans la commune de Sebba, le 4 juin dernier. L\u2019on se serait cru dans un film d\u2019horreur si l\u2019on n\u2019\u00e9tait pas dans un pays du Sahel o\u00f9 des fanatiques, sous l\u2019emprise de la drogue, ont d\u00e9cid\u00e9 de d\u00e9fier la raison humaine en profitant des vastes espaces du d\u00e9sert qu\u2019ils ont transform\u00e9s en cimeti\u00e8res. Mais au-del\u00e0 de ces chiffres qui font froid dans le dos, la premi\u00e8re question que tout le monde se pose, est la suivante : que visent ces hommes sans foi ni loi qui ont perp\u00e9tr\u00e9 le massacre de Solhan qui, par son ampleur, constitue une premi\u00e8re depuis 2015 o\u00f9 le Burkina a bascul\u00e9 dans l\u2019\u0153il du cyclone terroriste ?\u00a0<\/em> <em>A d\u00e9faut d\u2019\u00eatre dans le secret de ces fous d\u2019Allah, l\u2019on ne peut que se risquer \u00e0 \u00e9mettre des hypoth\u00e8ses. Et la premi\u00e8re de ces hypoth\u00e8ses est que les assaillants ont voulu apporter un d\u00e9menti sanglant \u00e0 l\u2019arm\u00e9e nationale qui, lors de la visite du ministre de la D\u00e9fense, Sh\u00e9rif Sy, \u00e0 Sebba, il y a peu, annon\u00e7ait le retour de la paix dans la province du Yagha.<\/em><\/p>\n<p class=\"c4\"><em>\u00a0<\/em><\/p>\n<p class=\"c6\"><strong><em>Comment sont-ils arriv\u00e9s \u00e0 concr\u00e9tiser leur funeste dessein\u00a0?<\/em><\/strong><\/p>\n<p class=\"c4\"><em>\u00a0<\/em><\/p>\n<p class=\"c4\"><em>\u00a0<\/em><\/p>\n<p class=\"c4\"><em>La seconde hypoth\u00e8se est que ce massacre vient comme une action de repr\u00e9sailles contre des populations accus\u00e9es par les groupes arm\u00e9s, de complicit\u00e9s avec les Forces de d\u00e9fense et de s\u00e9curit\u00e9 (FDS) ou des groupes rivaux. Une troisi\u00e8me hypoth\u00e8se enfin pourrait s\u2019inscrire dans la logique de pr\u00e9dation des ressources naturelles par les groupes\u00a0 arm\u00e9s. On le sait, en effet, Solhan dispose d\u2019un important site aurif\u00e8re qui doit faire l\u2019objet de convoitises de la part des bandes arm\u00e9es qui n\u2019h\u00e9sitent pas \u00e0 exploiter les ressources mini\u00e8res des zones sous coupe r\u00e9gl\u00e9e, faisant ainsi de l\u2019exploitation de l\u2019or, l\u2019une des sources importantes de financement du terrorisme dans les pays du Sahel. L\u2019enjeu du massacre serait donc de semer le chaos propice \u00e0 l\u2019exploitation ill\u00e9gale et illicite des gisements aurif\u00e8res pour alimenter la contrebande qui alimente \u00e0 son tour le terrorisme en Afrique de l\u2019Ouest.\u00a0<\/em> <em>Mais quelles que soient les motivations des criminels \u00e0 l\u2019origine de l\u2019orgie sanglante de Solhan, l\u2019on ne peut s\u2019emp\u00eacher de se demander comment ils sont arriv\u00e9s \u00e0 concr\u00e9tiser leur funeste dessein. La question n\u2019est pas saugrenue quand on sait que l\u2019arm\u00e9e burkinab\u00e8 dispose d\u2019un d\u00e9tachement \u00e0 quelques encablures de Solhan et qu\u2019elle y conduit d\u2019ailleurs, en ce moment, l\u2019op\u00e9ration \u00ab\u00a0Houn\u00e9\u00a0\u00bb. Et quid des troupes du G5 Sahel et de la force fran\u00e7aise Barkhane qui ont pris pied dans cette zone appel\u00e9e \u00ab\u00a0le triangle de la mort\u00a0\u00bb\u00a0? Ces interrogations sans r\u00e9ponse laissent croire qu\u2019il y a un malaise au sein des Forces de d\u00e9fense et de s\u00e9curit\u00e9 du Burkina Faso comme en bruissait d\u00e9j\u00e0 la presse nationale\u00a0; tant le manque de r\u00e9action est palpable. Et si la coh\u00e9sion au sein de la Grande muette est mise en cause, l\u2019on ne peut que mettre \u00e0 l\u2019index l\u2019efficacit\u00e9 de la gouvernance en mati\u00e8re de d\u00e9fense et de s\u00e9curit\u00e9, d\u2019o\u00f9 cette question: le pays est-il gouvern\u00e9\u00a0?\u00a0 L\u2019on a, en tout cas, des raisons s\u00e9rieuses d\u2019en douter surtout que le Premier ministre, lors de son dernier passage devant la Repr\u00e9sentation nationale, disait ne pas disposer de strat\u00e9gie pour contrer l\u2019ins\u00e9curit\u00e9.<\/em><\/p>\n<p class=\"c4\"><em>\u00a0<\/em><\/p>\n<p class=\"c6\"><strong><em>Poser les bonnes questions pour trouver les bonnes solutions<\/em><\/strong><\/p>\n<p class=\"c4\"><em>\u00a0<\/em><\/p>\n<p class=\"c4\"><em>Toutes ces inqui\u00e9tudes rappellent la n\u00e9cessit\u00e9 de repenser en profondeur la strat\u00e9gie de d\u00e9fense et de s\u00e9curit\u00e9 et cela, sans d\u00e9lais. L\u2019urgence est l\u00e0 car la situation s\u00e9curitaire nationale pourrait se compliquer avec l\u2019installation de la saison des pluies qui va rendre inaccessibles de nombreuses zones et surtout avec les contrecoups de la suspension des patrouilles conjointes avec le Mali voisin d\u00e9cid\u00e9e par la France et de la suspension de la coop\u00e9ration militaire par les Am\u00e9ricains. Il n\u2019est, en effet, un secret pour personne que le Mali est le nid d\u2019essaimage des groupes arm\u00e9s qui endeuillent toute la bande sah\u00e9lo-saharienne. Il nous faut donc, apr\u00e8s que le seuil de l\u2019horreur a \u00e9t\u00e9 franchi, \u00a0nous poser les bonnes questions pour trouver les bonnes solutions. Le chef de l\u2019Etat, Roch Marc Christian Kabor\u00e9, en premier, doit sortir de son l\u00e9gendaire sommeil pour jouer les premiers r\u00f4les dans cette imp\u00e9rieuse introspection. Il y va de son propre int\u00e9r\u00eat d\u2019autant que ses concitoyens commencent \u00e0 ne plus avoir foi en sa parole. En effet, pendant qu\u2019il annon\u00e7ait des op\u00e9rations de ratissage pour retrouver et neutraliser les meurtriers de Solhan, les assaillants sont revenus \u00e0 la charge en pillant et incendiant tout sur les lieux du drame. Cela dit, en attendant que soit revue la politique de d\u00e9fense et de s\u00e9curit\u00e9 nationales, l\u2019arm\u00e9e burkinab\u00e8 pour qui cette attaque constitue un pied de nez parce qu\u2019\u00e9tant intervenue en pleine op\u00e9ration militaire et en pleine\u00a0 heure du couvre-feu impos\u00e9 dans la zone, se doit de laver son honneur. A d\u00e9faut d\u2019avoir pu pr\u00e9venir l\u2019h\u00e9catombe, elle doit laver son honneur en d\u00e9masquant les bourreaux de Solhan pour les envoyer vider leur contentieux avec leurs victimes dans l\u2019au-del\u00e0. Quant au gouvernement, nul n\u2019est besoin de lui rappeler les n\u00e9cessaires dispositions \u00e0 prendre pour g\u00e9rer les cons\u00e9quences sociales de cette trag\u00e9die de Solhan. Surtout quand on sait que la tuerie a mis sur les chemins de l\u2019exil, de nombreuses populations.<\/em><\/p>\n<p class=\"c4\"><em>\u00a0<\/em><\/p>\n<p class=\"c6\"><em><strong>\u00ab\u00a0Le Pays\u00a0\u00bb\u00a0<\/strong><\/em><\/p>\n<p class=\"c4\"><em>\u00a0\u00a0 \u00a0\u00a0\u00a0<\/em><\/p>\n<p class=\"c4\"><em>\u00a0 \u00a0<\/em><\/p>\n<p>Auteur: Editions LEPAYS<br \/>\n<a href=\"https:\/\/lepays.bf\/carnage-a-solhan-au-burkina\/\">Cliquez ici pour lire l&rsquo;article depuis sa source.<\/a><\/p>\n","protected":false},"excerpt":{"rendered":"<p>Le d\u00e9compte macabre se poursuit.\u00a0 140 ! C\u2019est le bilan provisoire officiel de civils froidement ex\u00e9cut\u00e9s par des Hommes arm\u00e9s non identifi\u00e9s (HANI) dans le village de Solhan dans la commune de Sebba, le 4 juin dernier. L\u2019on se serait cru dans un film d\u2019horreur si l\u2019on n\u2019\u00e9tait pas dans un pays du Sahel o\u00f9 [&hellip;]<\/p>\n","protected":false},"author":1813,"featured_media":0,"comment_status":"closed","ping_status":"closed","sticky":false,"template":"","format":"standard","meta":{"fifu_image_url":"","fifu_image_alt":"","footnotes":""},"categories":[73,81],"tags":[],"class_list":["post-118106","post","type-post","status-publish","format-standard","hentry","category-actualite","category-burkina-faso"],"_links":{"self":[{"href":"https:\/\/linitiative.ca\/International\/wp-json\/wp\/v2\/posts\/118106","targetHints":{"allow":["GET"]}}],"collection":[{"href":"https:\/\/linitiative.ca\/International\/wp-json\/wp\/v2\/posts"}],"about":[{"href":"https:\/\/linitiative.ca\/International\/wp-json\/wp\/v2\/types\/post"}],"author":[{"embeddable":true,"href":"https:\/\/linitiative.ca\/International\/wp-json\/wp\/v2\/users\/1813"}],"replies":[{"embeddable":true,"href":"https:\/\/linitiative.ca\/International\/wp-json\/wp\/v2\/comments?post=118106"}],"version-history":[{"count":0,"href":"https:\/\/linitiative.ca\/International\/wp-json\/wp\/v2\/posts\/118106\/revisions"}],"wp:attachment":[{"href":"https:\/\/linitiative.ca\/International\/wp-json\/wp\/v2\/media?parent=118106"}],"wp:term":[{"taxonomy":"category","embeddable":true,"href":"https:\/\/linitiative.ca\/International\/wp-json\/wp\/v2\/categories?post=118106"},{"taxonomy":"post_tag","embeddable":true,"href":"https:\/\/linitiative.ca\/International\/wp-json\/wp\/v2\/tags?post=118106"}],"curies":[{"name":"wp","href":"https:\/\/api.w.org\/{rel}","templated":true}]}}