{"id":118107,"date":"2021-06-06T08:32:45","date_gmt":"2021-06-06T12:32:45","guid":{"rendered":"https:\/\/linitiative.ca\/International\/declaration-du-mpp-suite-aux-massacres-des-civils-a-solhan\/"},"modified":"2021-06-06T08:32:45","modified_gmt":"2021-06-06T12:32:45","slug":"declaration-du-mpp-suite-aux-massacres-des-civils-a-solhan","status":"publish","type":"post","link":"https:\/\/linitiative.ca\/International\/declaration-du-mpp-suite-aux-massacres-des-civils-a-solhan\/","title":{"rendered":"DECLARATION DU MPP SUITE AUX MASSACRES DES CIVILS A SOLHAN"},"content":{"rendered":"<div class=\"td-post-featured-image\"><a href=\"https:\/\/www.sidwaya.info\/wp-content\/uploads\/2021\/06\/222.jpg\" data-caption=\"\"><img loading=\"lazy\" decoding=\"async\" width=\"445\" height=\"445\" class=\"entry-thumb td-modal-image\" src=\"https:\/\/www.sidwaya.info\/wp-content\/uploads\/2021\/06\/222.jpg\" srcset=\"https:\/\/www.sidwaya.info\/wp-content\/uploads\/2021\/06\/222.jpg 445w, https:\/\/www.sidwaya.info\/wp-content\/uploads\/2021\/06\/222-300x300.jpg 300w, https:\/\/www.sidwaya.info\/wp-content\/uploads\/2021\/06\/222-150x150.jpg 150w, https:\/\/www.sidwaya.info\/wp-content\/uploads\/2021\/06\/222-420x420.jpg 420w\" sizes=\"auto, (max-width: 445px) 100vw, 445px\" alt=\"\" title=\"222\"\/><\/a><\/div>\n<p><strong>\u00a0<\/strong>Suite \u00e0 l\u2019attaque barbare perp\u00e9tr\u00e9e dans la nuit du 04 au 05 juin 2021 contre les populations de Solhan du village de la commune de Solhan dans la r\u00e9gion du Sahel, le Bureau Ex\u00e9cutif National s\u2019est r\u00e9uni en session extraordinaire ce samedi 05 juin \u00e0 partir de 16 heures.<\/p>\n<p>A l\u2019expos\u00e9 des faits, le bilan fait \u00e9tat de plus d\u2019une centaine de morts civils tous \u00e2ges confondus. Le MPP pr\u00e9sente ses condol\u00e9ances aux familles endeuill\u00e9es et souhaite prompt r\u00e9tablissement aux bless\u00e9s. Il exprime sa solidarit\u00e9 aux populations de Solhan et \u00e0 celles des autres localit\u00e9s \u00e9prouv\u00e9es par ces actes ignobles.<\/p>\n<p>Le Mouvement du Peuple pour le Progr\u00e8s (MPP) condamne avec force cette tuerie qui d\u00e9note de la l\u00e2chet\u00e9 des auteurs de la forfaiture dont l\u2019objectif est de d\u00e9stabiliser notre pays.<\/p>\n<p>Le MPP soutient les efforts du Pr\u00e9sident du Faso et du gouvernement, ainsi que l\u2019engagement des forces de d\u00e9fense et de s\u00e9curit\u00e9 et des volontaires de d\u00e9fense de la patrie. Il appelle toutes les forces vives de la Nation \u00e0 un sursaut patriotique afin de pr\u00e9server la s\u00e9curit\u00e9 des populations et du territoire.<\/p>\n<p>Le MPP invite le gouvernement \u00e0 apporter une r\u00e9ponse vigoureuse \u00e0 la hauteur de cette ignominie.<\/p>\n<p>Que Dieu b\u00e9nisse le Burkina Faso.<\/p>\n<p class=\"c1\">D\u00e9mocratie- Egalit\u00e9- Progr\u00e8s<\/p>\n<p class=\"c1\">Ouagadougou, le 5 juin 2021<\/p>\n<p class=\"c1\">\u00a0 \u00a0 \u00a0 \u00a0 Le Pr\u00e9sident du MPP<\/p>\n<p class=\"c1\">Simon COMPAORE<\/p>\n<div class=\"td-a-rec td-a-rec-id-content_bottom tdi_33_9d4 td_block_template_1\">\n<p><img loading=\"lazy\" decoding=\"async\" class=\"aligncenter size-full wp-image-27454\" src=\"https:\/\/www.sidwaya.info\/wp-content\/uploads\/2020\/10\/PUB-Bandeau-paiement-mobile-siteweb.jpg\" alt=\"\" width=\"728\" height=\"90\"\/><\/div>\n<p>Auteur: BS. Sidwaya<br \/>\n<a href=\"https:\/\/www.sidwaya.info\/blog\/2021\/06\/06\/declaration-du-mpp-suite-aux-massacres-des-civils-a-solhan\/\">Cliquez ici pour lire l&rsquo;article depuis sa source.<\/a><\/p>\n","protected":false},"excerpt":{"rendered":"<p>\u00a0Suite \u00e0 l\u2019attaque barbare perp\u00e9tr\u00e9e dans la nuit du 04 au 05 juin 2021 contre les populations de Solhan du village de la commune de Solhan dans la r\u00e9gion du Sahel, le Bureau Ex\u00e9cutif National s\u2019est r\u00e9uni en session extraordinaire ce samedi 05 juin \u00e0 partir de 16 heures. A l\u2019expos\u00e9 des faits, le bilan [&hellip;]<\/p>\n","protected":false},"author":1816,"featured_media":0,"comment_status":"closed","ping_status":"closed","sticky":false,"template":"","format":"standard","meta":{"fifu_image_url":"https:\/\/www.sidwaya.info\/wp-content\/uploads\/2021\/06\/222.jpg","fifu_image_alt":"DECLARATION DU MPP SUITE AUX MASSACRES DES CIVILS A SOLHAN","footnotes":""},"categories":[73,81],"tags":[],"class_list":["post-118107","post","type-post","status-publish","format-standard","hentry","category-actualite","category-burkina-faso"],"_links":{"self":[{"href":"https:\/\/linitiative.ca\/International\/wp-json\/wp\/v2\/posts\/118107","targetHints":{"allow":["GET"]}}],"collection":[{"href":"https:\/\/linitiative.ca\/International\/wp-json\/wp\/v2\/posts"}],"about":[{"href":"https:\/\/linitiative.ca\/International\/wp-json\/wp\/v2\/types\/post"}],"author":[{"embeddable":true,"href":"https:\/\/linitiative.ca\/International\/wp-json\/wp\/v2\/users\/1816"}],"replies":[{"embeddable":true,"href":"https:\/\/linitiative.ca\/International\/wp-json\/wp\/v2\/comments?post=118107"}],"version-history":[{"count":0,"href":"https:\/\/linitiative.ca\/International\/wp-json\/wp\/v2\/posts\/118107\/revisions"}],"wp:attachment":[{"href":"https:\/\/linitiative.ca\/International\/wp-json\/wp\/v2\/media?parent=118107"}],"wp:term":[{"taxonomy":"category","embeddable":true,"href":"https:\/\/linitiative.ca\/International\/wp-json\/wp\/v2\/categories?post=118107"},{"taxonomy":"post_tag","embeddable":true,"href":"https:\/\/linitiative.ca\/International\/wp-json\/wp\/v2\/tags?post=118107"}],"curies":[{"name":"wp","href":"https:\/\/api.w.org\/{rel}","templated":true}]}}