{"id":118108,"date":"2021-06-06T09:06:37","date_gmt":"2021-06-06T13:06:37","guid":{"rendered":"https:\/\/linitiative.ca\/International\/attaque-perpetree-au-burkina-faso-la-turquie-condamne\/"},"modified":"2021-06-06T09:06:37","modified_gmt":"2021-06-06T13:06:37","slug":"attaque-perpetree-au-burkina-faso-la-turquie-condamne","status":"publish","type":"post","link":"https:\/\/linitiative.ca\/International\/attaque-perpetree-au-burkina-faso-la-turquie-condamne\/","title":{"rendered":"Attaque perp\u00e9tr\u00e9e au Burkina Faso : la Turquie condamne"},"content":{"rendered":"<div class=\"td-post-featured-image\"><a href=\"https:\/\/www.sidwaya.info\/wp-content\/uploads\/2021\/06\/images.jpg\" data-caption=\"\"><img loading=\"lazy\" decoding=\"async\" width=\"430\" height=\"280\" class=\"entry-thumb td-modal-image\" src=\"https:\/\/www.sidwaya.info\/wp-content\/uploads\/2021\/06\/images.jpg\" srcset=\"https:\/\/www.sidwaya.info\/wp-content\/uploads\/2021\/06\/images.jpg 430w, https:\/\/www.sidwaya.info\/wp-content\/uploads\/2021\/06\/images-300x195.jpg 300w, https:\/\/www.sidwaya.info\/wp-content\/uploads\/2021\/06\/images-150x98.jpg 150w\" sizes=\"auto, (max-width: 430px) 100vw, 430px\" alt=\"\" title=\"images\"\/><\/a><\/div>\n<p class=\"yiv2006810101ydpf486f110yiv7588583566msonormal c2\"><span class=\"c1\">Nous sommes attrist\u00e9s par la nouvelle selon laquelle plus de cents personnes ont perdu leur vie \u00e0 la suite des attaques perp\u00e9tr\u00e9es le 5 juin 2021 par des assaillants non identifi\u00e9s, dans un village (Solhan) situ\u00e9 dans la province de Yagha au Burkina Faso.<\/span><\/p>\n<p>Nous condamnons fermement cette attaque odieuse. Nous transmettons nos sinc\u00e8res condol\u00e9ances aux familles de ceux ayant perdu leur vie, ainsi qu\u2019au peuple et au gouvernement amis et fr\u00e8res du Burkina Faso.<\/p>\n<p class=\"yiv2006810101ydpf486f110yiv7588583566msonormal c4\"><span class=\"c3\">\u00a0<\/span><\/p>\n<p class=\"yiv2006810101ydpf486f110yiv7588583566msonormal c4\"><span class=\"c3\">\u00a0<\/span><strong><span class=\"c1\">Communiqu\u00e9 de presse du Minist\u00e8re des Affaires Etrang\u00e8res de la R\u00e9publique de Turquie concernant l\u2019attaque perp\u00e9tr\u00e9e au Burkina Faso.<\/span><\/strong><\/p>\n<div class=\"td-a-rec td-a-rec-id-content_bottom tdi_33_6d6 td_block_template_1\">\n<p><img loading=\"lazy\" decoding=\"async\" class=\"aligncenter size-full wp-image-27454\" src=\"https:\/\/www.sidwaya.info\/wp-content\/uploads\/2020\/10\/PUB-Bandeau-paiement-mobile-siteweb.jpg\" alt=\"\" width=\"728\" height=\"90\"\/><\/div>\n<p>Auteur: BS. Sidwaya<br \/>\n<a href=\"https:\/\/www.sidwaya.info\/blog\/2021\/06\/06\/attaque-perpetree-au-burkina-faso-la-turquie-condamne\/\">Cliquez ici pour lire l&rsquo;article depuis sa source.<\/a><\/p>\n","protected":false},"excerpt":{"rendered":"<p>Nous sommes attrist\u00e9s par la nouvelle selon laquelle plus de cents personnes ont perdu leur vie \u00e0 la suite des attaques perp\u00e9tr\u00e9es le 5 juin 2021 par des assaillants non identifi\u00e9s, dans un village (Solhan) situ\u00e9 dans la province de Yagha au Burkina Faso. Nous condamnons fermement cette attaque odieuse. Nous transmettons nos sinc\u00e8res condol\u00e9ances [&hellip;]<\/p>\n","protected":false},"author":1816,"featured_media":0,"comment_status":"closed","ping_status":"closed","sticky":false,"template":"","format":"standard","meta":{"fifu_image_url":"https:\/\/www.sidwaya.info\/wp-content\/uploads\/2021\/06\/images.jpg","fifu_image_alt":"Attaque perp\u00e9tr\u00e9e au Burkina Faso : la Turquie condamne","footnotes":""},"categories":[73,81],"tags":[],"class_list":["post-118108","post","type-post","status-publish","format-standard","hentry","category-actualite","category-burkina-faso"],"_links":{"self":[{"href":"https:\/\/linitiative.ca\/International\/wp-json\/wp\/v2\/posts\/118108","targetHints":{"allow":["GET"]}}],"collection":[{"href":"https:\/\/linitiative.ca\/International\/wp-json\/wp\/v2\/posts"}],"about":[{"href":"https:\/\/linitiative.ca\/International\/wp-json\/wp\/v2\/types\/post"}],"author":[{"embeddable":true,"href":"https:\/\/linitiative.ca\/International\/wp-json\/wp\/v2\/users\/1816"}],"replies":[{"embeddable":true,"href":"https:\/\/linitiative.ca\/International\/wp-json\/wp\/v2\/comments?post=118108"}],"version-history":[{"count":0,"href":"https:\/\/linitiative.ca\/International\/wp-json\/wp\/v2\/posts\/118108\/revisions"}],"wp:attachment":[{"href":"https:\/\/linitiative.ca\/International\/wp-json\/wp\/v2\/media?parent=118108"}],"wp:term":[{"taxonomy":"category","embeddable":true,"href":"https:\/\/linitiative.ca\/International\/wp-json\/wp\/v2\/categories?post=118108"},{"taxonomy":"post_tag","embeddable":true,"href":"https:\/\/linitiative.ca\/International\/wp-json\/wp\/v2\/tags?post=118108"}],"curies":[{"name":"wp","href":"https:\/\/api.w.org\/{rel}","templated":true}]}}