{"id":118109,"date":"2021-06-06T09:39:57","date_gmt":"2021-06-06T13:39:57","guid":{"rendered":"https:\/\/linitiative.ca\/International\/communique-de-presse-de-lupc-sur-le-massacre-de-solhan\/"},"modified":"2021-06-06T09:39:57","modified_gmt":"2021-06-06T13:39:57","slug":"communique-de-presse-de-lupc-sur-le-massacre-de-solhan","status":"publish","type":"post","link":"https:\/\/linitiative.ca\/International\/communique-de-presse-de-lupc-sur-le-massacre-de-solhan\/","title":{"rendered":"Communiqu\u00e9 de presse de l\u2019UPC sur le massacre de Solhan"},"content":{"rendered":"<div class=\"td-post-featured-image\"><a href=\"https:\/\/www.sidwaya.info\/wp-content\/uploads\/2021\/06\/UPC.jpg\" data-caption=\"\"><img loading=\"lazy\" decoding=\"async\" width=\"385\" height=\"249\" class=\"entry-thumb td-modal-image\" src=\"https:\/\/www.sidwaya.info\/wp-content\/uploads\/2021\/06\/UPC.jpg\" srcset=\"https:\/\/www.sidwaya.info\/wp-content\/uploads\/2021\/06\/UPC.jpg 385w, https:\/\/www.sidwaya.info\/wp-content\/uploads\/2021\/06\/UPC-300x194.jpg 300w, https:\/\/www.sidwaya.info\/wp-content\/uploads\/2021\/06\/UPC-150x97.jpg 150w\" sizes=\"auto, (max-width: 385px) 100vw, 385px\" alt=\"\" title=\"UPC\"\/><\/a><\/div>\n<p>C\u2019est avec une grande consternation que le Bureau Ex\u00e9cutif Central (BEC) de l\u2019Union pour le Progr\u00e8s et le Changement (UPC) a appris le massacre tragique de plus de cent civils burkinab\u00e8, perp\u00e9tr\u00e9 par de sinistres individus arm\u00e9s non identifi\u00e9s, dans le village de Solhan, province du Yagha. En ces circonstances graves et douloureuses, l\u2019UPC pr\u00e9sente ses condol\u00e9ances aux familles \u00e9plor\u00e9es, \u00e0 la nation enti\u00e8re, et souhaite un prompt r\u00e9tablissement aux nombreux bless\u00e9s.<\/p>\n<p>L\u2019UPC condamne cette barbarie absurde et encourage les forces de d\u00e9fense et de s\u00e9curit\u00e9 \u00e0 plus de\u00a0 d\u00e9termination pour mettre hors d\u2019\u00e9tat de nuire ces ennemis, et restaurer la paix dans les zones de haute ins\u00e9curit\u00e9.<\/p>\n<p>En cette p\u00e9riode difficile pour la nation, notre Parti appelle \u00e0 l\u2019union des c\u0153urs, et \u00e0 la pri\u00e8re pour le repos des \u00e2mes de nos chers disparus.<\/p>\n<p>Que Dieu prot\u00e8ge le Burkina Faso !<\/p>\n<p><strong>Ouagadougou, le 05 juin 2021<\/strong><\/p>\n<p><strong>Pour le BEC,<\/strong><\/p>\n<p><strong>Le 1<sup>er<\/sup> vice-pr\u00e9sident<\/strong><\/p>\n<p><strong>Denis NIKIEMA<\/strong><\/p>\n<div class=\"td-a-rec td-a-rec-id-content_bottom tdi_33_30a td_block_template_1\">\n<p><img loading=\"lazy\" decoding=\"async\" class=\"aligncenter size-full wp-image-27454\" src=\"https:\/\/www.sidwaya.info\/wp-content\/uploads\/2020\/10\/PUB-Bandeau-paiement-mobile-siteweb.jpg\" alt=\"\" width=\"728\" height=\"90\"\/><\/div>\n<p>Auteur: BS. Sidwaya<br \/>\n<a href=\"https:\/\/www.sidwaya.info\/blog\/2021\/06\/06\/communique-de-presse-de-lupc-sur-le-massacre-de-solhan\/\">Cliquez ici pour lire l&rsquo;article depuis sa source.<\/a><\/p>\n","protected":false},"excerpt":{"rendered":"<p>C\u2019est avec une grande consternation que le Bureau Ex\u00e9cutif Central (BEC) de l\u2019Union pour le Progr\u00e8s et le Changement (UPC) a appris le massacre tragique de plus de cent civils burkinab\u00e8, perp\u00e9tr\u00e9 par de sinistres individus arm\u00e9s non identifi\u00e9s, dans le village de Solhan, province du Yagha. En ces circonstances graves et douloureuses, l\u2019UPC pr\u00e9sente [&hellip;]<\/p>\n","protected":false},"author":1816,"featured_media":0,"comment_status":"closed","ping_status":"closed","sticky":false,"template":"","format":"standard","meta":{"fifu_image_url":"https:\/\/www.sidwaya.info\/wp-content\/uploads\/2021\/06\/UPC.jpg","fifu_image_alt":"Communiqu\u00e9 de presse de l\u2019UPC sur le massacre de Solhan","footnotes":""},"categories":[73,81],"tags":[],"class_list":["post-118109","post","type-post","status-publish","format-standard","hentry","category-actualite","category-burkina-faso"],"_links":{"self":[{"href":"https:\/\/linitiative.ca\/International\/wp-json\/wp\/v2\/posts\/118109","targetHints":{"allow":["GET"]}}],"collection":[{"href":"https:\/\/linitiative.ca\/International\/wp-json\/wp\/v2\/posts"}],"about":[{"href":"https:\/\/linitiative.ca\/International\/wp-json\/wp\/v2\/types\/post"}],"author":[{"embeddable":true,"href":"https:\/\/linitiative.ca\/International\/wp-json\/wp\/v2\/users\/1816"}],"replies":[{"embeddable":true,"href":"https:\/\/linitiative.ca\/International\/wp-json\/wp\/v2\/comments?post=118109"}],"version-history":[{"count":0,"href":"https:\/\/linitiative.ca\/International\/wp-json\/wp\/v2\/posts\/118109\/revisions"}],"wp:attachment":[{"href":"https:\/\/linitiative.ca\/International\/wp-json\/wp\/v2\/media?parent=118109"}],"wp:term":[{"taxonomy":"category","embeddable":true,"href":"https:\/\/linitiative.ca\/International\/wp-json\/wp\/v2\/categories?post=118109"},{"taxonomy":"post_tag","embeddable":true,"href":"https:\/\/linitiative.ca\/International\/wp-json\/wp\/v2\/tags?post=118109"}],"curies":[{"name":"wp","href":"https:\/\/api.w.org\/{rel}","templated":true}]}}