{"id":118112,"date":"2021-06-05T19:18:03","date_gmt":"2021-06-05T23:18:03","guid":{"rendered":"https:\/\/linitiative.ca\/International\/covid-19-le-maroc-met-en-place-un-pass-vaccinal\/"},"modified":"2021-06-05T19:18:03","modified_gmt":"2021-06-05T23:18:03","slug":"covid-19-le-maroc-met-en-place-un-pass-vaccinal","status":"publish","type":"post","link":"https:\/\/linitiative.ca\/International\/covid-19-le-maroc-met-en-place-un-pass-vaccinal\/","title":{"rendered":"Covid-19: Le Maroc met en place un pass vaccinal"},"content":{"rendered":"<div readability=\"32\">\n<p>Publi\u00e9 le 06.06.2021 \u00e0 00h18 par APA News<\/p>\n<\/div>\n<div readability=\"57\">\n<p>Le gouvernement marocain a mis en place un pass vaccinal pour les personnes ayant re\u00e7u deux doses de vaccin contre le COVID-19, indique samedi un communiqu\u00e9 de la primature.Ce pass, qui peut \u00eatre t\u00e9l\u00e9charger \u00e0 partir du lundi 7 juin sur le site d\u00e9di\u00e9 \u00e0 la vaccination, est un document officiel, s\u00e9curis\u00e9 et reconnu par les autorit\u00e9s, qui permet \u00e0 son d\u00e9tenteur, sans nul besoin de document suppl\u00e9mentaire, d\u2019effectuer des d\u00e9placements sur l\u2019ensemble du territoire national sans restriction, de circuler au-del\u00e0 de 23 heures et de voyager \u00e0 l\u2019\u00e9tranger, pr\u00e9cise la m\u00eame source.<\/p>\n<p>De m\u00eame, le pass vaccinal qui est dot\u00e9 d\u2019un code QR lui permettant d\u2019\u00eatre authentifi\u00e9 via une application pr\u00e9vue \u00e0 cet effet, peut \u00eatre t\u00e9l\u00e9charg\u00e9 sous format imprimable ou \u00e9lectronique pour \u00eatre pr\u00e9sent\u00e9 sur smartphone, ajoute le communiqu\u00e9.<\/p>\n<p>Il peut \u00e9galement \u00eatre retir\u00e9, sous format papier, aupr\u00e8s des autorit\u00e9s locales du ressort desquelles se trouve le centre de vaccination de la personne concern\u00e9e, ajoute-t-on.<\/p>\n<\/div>\n<p>Auteur: APA News<br \/>\n<a href=\"https:\/\/www.journalducameroun.com\/covid-19-le-maroc-met-en-place-un-pass-vaccinal\/\">Cliquez ici pour lire l&rsquo;article depuis sa source.<\/a><\/p>\n","protected":false},"excerpt":{"rendered":"<p>Publi\u00e9 le 06.06.2021 \u00e0 00h18 par APA News Le gouvernement marocain a mis en place un pass vaccinal pour les personnes ayant re\u00e7u deux doses de vaccin contre le COVID-19, indique samedi un communiqu\u00e9 de la primature.Ce pass, qui peut \u00eatre t\u00e9l\u00e9charger \u00e0 partir du lundi 7 juin sur le site d\u00e9di\u00e9 \u00e0 la vaccination, [&hellip;]<\/p>\n","protected":false},"author":1965,"featured_media":0,"comment_status":"closed","ping_status":"closed","sticky":false,"template":"","format":"standard","meta":{"fifu_image_url":"","fifu_image_alt":"","footnotes":""},"categories":[73,82],"tags":[],"class_list":["post-118112","post","type-post","status-publish","format-standard","hentry","category-actualite","category-cameroun"],"_links":{"self":[{"href":"https:\/\/linitiative.ca\/International\/wp-json\/wp\/v2\/posts\/118112","targetHints":{"allow":["GET"]}}],"collection":[{"href":"https:\/\/linitiative.ca\/International\/wp-json\/wp\/v2\/posts"}],"about":[{"href":"https:\/\/linitiative.ca\/International\/wp-json\/wp\/v2\/types\/post"}],"author":[{"embeddable":true,"href":"https:\/\/linitiative.ca\/International\/wp-json\/wp\/v2\/users\/1965"}],"replies":[{"embeddable":true,"href":"https:\/\/linitiative.ca\/International\/wp-json\/wp\/v2\/comments?post=118112"}],"version-history":[{"count":0,"href":"https:\/\/linitiative.ca\/International\/wp-json\/wp\/v2\/posts\/118112\/revisions"}],"wp:attachment":[{"href":"https:\/\/linitiative.ca\/International\/wp-json\/wp\/v2\/media?parent=118112"}],"wp:term":[{"taxonomy":"category","embeddable":true,"href":"https:\/\/linitiative.ca\/International\/wp-json\/wp\/v2\/categories?post=118112"},{"taxonomy":"post_tag","embeddable":true,"href":"https:\/\/linitiative.ca\/International\/wp-json\/wp\/v2\/tags?post=118112"}],"curies":[{"name":"wp","href":"https:\/\/api.w.org\/{rel}","templated":true}]}}