{"id":118113,"date":"2021-06-05T19:18:03","date_gmt":"2021-06-05T23:18:03","guid":{"rendered":"https:\/\/linitiative.ca\/International\/tourisme-ivoirien-114-agents-assermentes-pour-evaluer-les-offres-du-secteur\/"},"modified":"2021-06-05T19:18:03","modified_gmt":"2021-06-05T23:18:03","slug":"tourisme-ivoirien-114-agents-assermentes-pour-evaluer-les-offres-du-secteur","status":"publish","type":"post","link":"https:\/\/linitiative.ca\/International\/tourisme-ivoirien-114-agents-assermentes-pour-evaluer-les-offres-du-secteur\/","title":{"rendered":"Tourisme ivoirien: 114 agents asserment\u00e9s pour \u00e9valuer les offres du secteur"},"content":{"rendered":"<div readability=\"32\">\n<p>Publi\u00e9 le 06.06.2021 \u00e0 00h18 par APA News<\/p>\n<\/div>\n<div readability=\"109\">\n<p>Le ministre ivoirien du Tourisme et des loisirs, Siandou Fofana, a remis vendredi des insignes \u00e0 114 agents asserment\u00e9s, constituant la seconde vague de ses collaborateurs charg\u00e9s de l\u2019\u00e9valuation de l\u2019offre des r\u00e9ceptifs h\u00f4teliers, de restauration, du divertissement et du voyage.<\/p>\n<p>Ces agents auront un r\u00f4le d\u2019inspection et contr\u00f4le des \u00e9tablissements de tourisme. M. Siandou Fofana s\u2019est dit optimisme quant au rebond de l\u2019industrie touristique apr\u00e8s le b\u00e9mol de la crise de la Covid-19.<\/p>\n<p>Il a remis \u00e0 ces 114 agents asserment\u00e9s leurs cartes officialisant leur mission. Ils arrivent dans un contexte o\u00f9 la C\u00f4te d\u2019Ivoire accueille pour la premi\u00e8re fois, les festivit\u00e9s officielles de la Journ\u00e9e mondiale du tourisme (JMT), le 27 septembre 2021.\u00a0<\/p>\n<p>Leurs t\u00e2ches devraient en outre permettre \u00e0 la C\u00f4te d\u2019Ivoire, qui abrite la 34\u00e8me \u00e9dition de la Coupe d\u2019Afrique des Nations (CAN) de football, d\u2019avoir des r\u00e9ceptifs h\u00f4teliers aux standards internationaux avant cette comp\u00e9tition. \u00a0<\/p>\n<p>\u00ab Mesdames et messieurs les agents asserment\u00e9s, votre mission exige de vous, rigueur, abn\u00e9gation, pers\u00e9v\u00e9rance, responsabilit\u00e9, int\u00e9grit\u00e9, honn\u00eatet\u00e9, tol\u00e9rance et probit\u00e9 \u00bb, a d\u00e9clar\u00e9 M. Siandou Fofana.\u00a0<\/p>\n<p>\u00a0Ces 114 agents asserment\u00e9s rejoignent une premi\u00e8re vague de 72. Le ministre les a invit\u00e9 \u00e0 \u00ab s\u2019approprier la d\u00e9ontologie du corps des agents asserment\u00e9s \u00a0enseign\u00e9e lors des sessions de formation \u00bb et \u00e0 garder comme br\u00e9viaire et \u00e0 l\u2019esprit le serment sacramental qu\u2019ils ont pr\u00eat\u00e9 devant le tribunal.<\/p>\n<p>Au-del\u00e0 de leurs comp\u00e9tences en mati\u00e8re de contr\u00f4le et d\u2019inspection des \u00e9tablissements de tourisme (H\u00f4tels, restaurants, night-clubs, agences de voyage, \u00a0etc.), ils ont la ma\u00eetrise des proc\u00e9dures p\u00e9nales en mati\u00e8re de tourisme.\u00a0<\/p>\n<p>Face aux \u00e9v\u00e9nements d\u2019envergure que la C\u00f4te d\u2019Ivoire doit abriter, les mois \u00e0 venir, le ministre a indiqu\u00e9 \u00e0 l\u2019Inspecteur g\u00e9n\u00e9ral de son d\u00e9partement, Georges Boka Bi, ainsi qu\u2019\u00e0 tous les agents, de s\u2019\u00e9riger en des \u00ab\u00a0acteurs op\u00e9rationnels\u00a0\u00bb.\u00a0<\/p>\n<p>Pour accueillir la JMT et la CAN 2023, il importe d\u2019avoir une offre touristique qui r\u00e9ponde aux standards internationaux en termes d\u2019h\u00e9bergement, de restauration. Le pays se pr\u00e9pare alors \u00e0 disposer des offres touristiques de qualit\u00e9, gage de la r\u00e9ussite de ces \u00e9v\u00e9nements.\u00a0<\/p>\n<p>Par ailleurs, le ministre du Tourisme et des loisirs, Siandou Fofana, a rassur\u00e9 les op\u00e9rateurs quant \u00e0 l\u2019accompagnement de l\u2019Etat pour rebondir avec eux et atteindre la triple finalit\u00e9 vis\u00e9e par \u00ab Sublime C\u00f4te d\u2019Ivoire \u00bb, \u00e0 savoir \u00ab\u00a0favoriser le d\u00e9veloppement territorial hors-Abidjan, d\u00e9velopper un moteur de croissance du PIB et d\u00e9multiplier les recettes fiscales, et cr\u00e9er un r\u00e9servoir d\u2019emplois \u00bb.<\/p>\n<\/div>\n<p>Auteur: APA News<br \/>\n<a href=\"https:\/\/www.journalducameroun.com\/tourisme-ivoirien-114-agents-assermentes-pour-evaluer-les-offres-du-secteur\/\">Cliquez ici pour lire l&rsquo;article depuis sa source.<\/a><\/p>\n","protected":false},"excerpt":{"rendered":"<p>Publi\u00e9 le 06.06.2021 \u00e0 00h18 par APA News Le ministre ivoirien du Tourisme et des loisirs, Siandou Fofana, a remis vendredi des insignes \u00e0 114 agents asserment\u00e9s, constituant la seconde vague de ses collaborateurs charg\u00e9s de l\u2019\u00e9valuation de l\u2019offre des r\u00e9ceptifs h\u00f4teliers, de restauration, du divertissement et du voyage. Ces agents auront un r\u00f4le d\u2019inspection [&hellip;]<\/p>\n","protected":false},"author":1965,"featured_media":0,"comment_status":"closed","ping_status":"closed","sticky":false,"template":"","format":"standard","meta":{"fifu_image_url":"","fifu_image_alt":"","footnotes":""},"categories":[73,82],"tags":[],"class_list":["post-118113","post","type-post","status-publish","format-standard","hentry","category-actualite","category-cameroun"],"_links":{"self":[{"href":"https:\/\/linitiative.ca\/International\/wp-json\/wp\/v2\/posts\/118113","targetHints":{"allow":["GET"]}}],"collection":[{"href":"https:\/\/linitiative.ca\/International\/wp-json\/wp\/v2\/posts"}],"about":[{"href":"https:\/\/linitiative.ca\/International\/wp-json\/wp\/v2\/types\/post"}],"author":[{"embeddable":true,"href":"https:\/\/linitiative.ca\/International\/wp-json\/wp\/v2\/users\/1965"}],"replies":[{"embeddable":true,"href":"https:\/\/linitiative.ca\/International\/wp-json\/wp\/v2\/comments?post=118113"}],"version-history":[{"count":0,"href":"https:\/\/linitiative.ca\/International\/wp-json\/wp\/v2\/posts\/118113\/revisions"}],"wp:attachment":[{"href":"https:\/\/linitiative.ca\/International\/wp-json\/wp\/v2\/media?parent=118113"}],"wp:term":[{"taxonomy":"category","embeddable":true,"href":"https:\/\/linitiative.ca\/International\/wp-json\/wp\/v2\/categories?post=118113"},{"taxonomy":"post_tag","embeddable":true,"href":"https:\/\/linitiative.ca\/International\/wp-json\/wp\/v2\/tags?post=118113"}],"curies":[{"name":"wp","href":"https:\/\/api.w.org\/{rel}","templated":true}]}}