{"id":118114,"date":"2021-06-06T14:18:02","date_gmt":"2021-06-06T18:18:02","guid":{"rendered":"https:\/\/linitiative.ca\/International\/entrepreneuriat-ivoirien-lecole-de-la-seconde-chance-bientot-instituee\/"},"modified":"2021-06-06T14:18:02","modified_gmt":"2021-06-06T18:18:02","slug":"entrepreneuriat-ivoirien-lecole-de-la-seconde-chance-bientot-instituee","status":"publish","type":"post","link":"https:\/\/linitiative.ca\/International\/entrepreneuriat-ivoirien-lecole-de-la-seconde-chance-bientot-instituee\/","title":{"rendered":"Entrepreneuriat ivoirien: \u00ab\u00a0L\u2019\u00e9cole de la seconde chance\u00a0\u00bb bient\u00f4t institu\u00e9e"},"content":{"rendered":"<div readability=\"32\">\n<p>Publi\u00e9 le 06.06.2021 \u00e0 19h18 par APA News<\/p>\n<\/div>\n<div readability=\"121\">\n<p>Le ministre ivoirien de l\u2019Enseignement technique, de la formation professionnelle et de l\u2019apprentissage, Koffi N\u2019Guessan, a annonc\u00e9 samedi \u00e0 Abidjan, \u00ab\u00a0L\u2019\u00e9cole de la seconde chance\u00a0\u00bb en C\u00f4te d\u2019Ivoire, un concept visant \u00e0 cr\u00e9er des entrepreneurs.<\/p>\n<p>Il s\u2019agit de former \u00e0 des m\u00e9tiers un stock de jeunes dipl\u00f4m\u00e9s, ayant entre autres la licence, la ma\u00eetrise, m\u00eame des doctorats ou le BTS et qui \u00ab\u00a0malheureusement n\u2019ont pas \u00e9t\u00e9 form\u00e9s au m\u00e9tier\u00a0\u00bb, a dit M. Koffi Nguessan.<\/p>\n<p>Il s\u2019exprimait lors de la c\u00e9r\u00e9monie de cl\u00f4ture de l\u2019\u00e9dition 2021 de la conf\u00e9rence africaine de la soci\u00e9t\u00e9 d\u2019\u00e9conom\u00e9trie \u00e0 l\u2019Ecole nationale sup\u00e9rieure de statistique et d\u2019\u00e9conomie appliqu\u00e9e (ENSEA) d\u2019Abidjan.<\/p>\n<p>Selon le ministre ivoirien de l\u2019Enseignement technique, de la formation professionnelle et de l\u2019apprentissage, ce concept vise \u00e0 \u00ab\u00a0mettre en place un dispositif pour les former au m\u00e9tier et \u00e0 l\u2019entrepreneuriat\u00a0\u00bb.\u00a0<\/p>\n<p>Le concept de \u00ab L\u2019\u00e9cole de la seconde chance\u00bb va \u00ab\u00a0prendre quelqu\u2019un qui a une ma\u00eetrise d\u2019histoire, de g\u00e9ographie et d\u2019\u00e9conomie et qui a la passion pour la plomberie, le former comme entrepreneur plombier, entrepreneur \u00e9lectricien, de sorte qu\u2019 avec son entreprise, il puisse avoir des march\u00e9s et recruter des jeunes qui ont le CAP\u00a0\u00bb, a d\u00e9velopp\u00e9 M. Koffi N\u2019Guessan.<\/p>\n<p>Pour le ministre, \u00ab\u00a0il faut utiliser ces jeunes qui sont impatients et qui recherchent des instruments de travail parce qu\u2019ils n\u2019ont pas \u00e9t\u00e9 form\u00e9s au m\u00e9tier. (Alors) L\u2019\u00e9cole pour la deuxi\u00e8me chance va leur donner cette chance d\u2019\u00eatre form\u00e9s au m\u00e9tier\u00a0\u00bb.\u00a0<\/p>\n<p>Avec ce savoir-faire et \u00ab\u00a0l\u2019accompagnement de la soci\u00e9t\u00e9, du minist\u00e8re ou du gouvernement et avec des partenaires financiers\u00a0\u00bb, ils seront install\u00e9s dans l\u2019optique de \u00ab\u00a0faire une place d\u2019entrepreneurs pour notre pays et pour le continent africain\u00a0\u00bb, a-t-il soulign\u00e9. \u00a0<\/p>\n<p>Concernant le d\u00e9lai envisageable pour la mise en oeuvre, le ministre a laiss\u00e9 entendre que \u00ab\u00a0tout d\u00e9pend de la sp\u00e9cialit\u00e9 que l\u2019int\u00e9ress\u00e9 ou le concern\u00e9 cherche \u00e0 avoir\u00a0\u00bb, avant d\u2019ajouter \u00ab\u00a0il est possible qu\u2019on forme (par exemple) entre trois et six mois un excellent boulanger avec des partenaires\u00a0\u00bb.<\/p>\n<p>Toutefois, \u00ab\u00a0tout d\u00e9pend de la sp\u00e9cialisation que l\u2019individu recherche\u00a0\u00bb, a-t-il dit. Car, il s\u2019agit de donner une seconde chance \u00e0 des jeunes qui ont eu des dipl\u00f4mes et qui ne peuvent pas avoir du travail facilement. Mais, l\u2019avantage est que leur niveau d\u2019\u00e9tude leur permettra d\u2019apprendre plus facilement et tr\u00e8s rapidement.<\/p>\n<p>M. Koffi Nguessan a aussi \u00e9voqu\u00e9 l\u2019institution d\u2019une \u00ab\u00a0acad\u00e9mie des talents\u00a0\u00bb, parce que ceux qui viennent \u00e0 l\u2019enseignement technique et \u00e0 la formation professionnelle, ce sont des personnes qui n\u2019ont pas r\u00e9ussi \u00e0 l\u2019enseignement g\u00e9n\u00e9ral et le minist\u00e8re veut inverser la tendance. \u00a0\u00a0<\/p>\n<p>Le projet va concerner \u00ab\u00a0des jeunes qui sont dou\u00e9s \u00e0 l\u2019innovation technologique\u00a0\u00bb, et ce concept va leur offrir l\u2019opportunit\u00e9 de \u00ab\u00a0r\u00e9aliser leur r\u00eave en venant travailler tout en poursuivant leur formation\u00a0\u00bb, a-t-il relev\u00e9.<\/p>\n<p>\u00ab\u00a0L\u2019acad\u00e9mie va les recenser, leur donner la chance pour pouvoir r\u00e9aliser leur r\u00eave tout en poursuivant leur formation et donner la chance \u00e0 un stock de jeunes\u00a0\u00bb dans l\u2019esprit de \u00ab\u00a0recr\u00e9er une nouvelle race d\u2019entrepreneurs dans notre pays\u00a0\u00bb, a-t-il poursuivi.\u00a0<\/p>\n<p>Cela sera construit en grande synergie avec le secteur priv\u00e9, qui a des experts dans diff\u00e9rentes branches, a-t-il renseign\u00e9 au sujet du projet qui devrait former ces jeunes dans des secteurs porteurs d\u2019emplois et \u00e0 fort potentiel de d\u00e9veloppement du pays.<\/p>\n<\/div>\n<p>Auteur: APA News<br \/>\n<a href=\"https:\/\/www.journalducameroun.com\/entrepreneuriat-ivoirien-lecole-de-la-seconde-chance-bientot-instituee\/\">Cliquez ici pour lire l&rsquo;article depuis sa source.<\/a><\/p>\n","protected":false},"excerpt":{"rendered":"<p>Publi\u00e9 le 06.06.2021 \u00e0 19h18 par APA News Le ministre ivoirien de l\u2019Enseignement technique, de la formation professionnelle et de l\u2019apprentissage, Koffi N\u2019Guessan, a annonc\u00e9 samedi \u00e0 Abidjan, \u00ab\u00a0L\u2019\u00e9cole de la seconde chance\u00a0\u00bb en C\u00f4te d\u2019Ivoire, un concept visant \u00e0 cr\u00e9er des entrepreneurs. Il s\u2019agit de former \u00e0 des m\u00e9tiers un stock de jeunes dipl\u00f4m\u00e9s, [&hellip;]<\/p>\n","protected":false},"author":1965,"featured_media":0,"comment_status":"closed","ping_status":"closed","sticky":false,"template":"","format":"standard","meta":{"fifu_image_url":"","fifu_image_alt":"","footnotes":""},"categories":[73,82],"tags":[],"class_list":["post-118114","post","type-post","status-publish","format-standard","hentry","category-actualite","category-cameroun"],"_links":{"self":[{"href":"https:\/\/linitiative.ca\/International\/wp-json\/wp\/v2\/posts\/118114","targetHints":{"allow":["GET"]}}],"collection":[{"href":"https:\/\/linitiative.ca\/International\/wp-json\/wp\/v2\/posts"}],"about":[{"href":"https:\/\/linitiative.ca\/International\/wp-json\/wp\/v2\/types\/post"}],"author":[{"embeddable":true,"href":"https:\/\/linitiative.ca\/International\/wp-json\/wp\/v2\/users\/1965"}],"replies":[{"embeddable":true,"href":"https:\/\/linitiative.ca\/International\/wp-json\/wp\/v2\/comments?post=118114"}],"version-history":[{"count":0,"href":"https:\/\/linitiative.ca\/International\/wp-json\/wp\/v2\/posts\/118114\/revisions"}],"wp:attachment":[{"href":"https:\/\/linitiative.ca\/International\/wp-json\/wp\/v2\/media?parent=118114"}],"wp:term":[{"taxonomy":"category","embeddable":true,"href":"https:\/\/linitiative.ca\/International\/wp-json\/wp\/v2\/categories?post=118114"},{"taxonomy":"post_tag","embeddable":true,"href":"https:\/\/linitiative.ca\/International\/wp-json\/wp\/v2\/tags?post=118114"}],"curies":[{"name":"wp","href":"https:\/\/api.w.org\/{rel}","templated":true}]}}