{"id":118115,"date":"2021-06-06T08:13:27","date_gmt":"2021-06-06T12:13:27","guid":{"rendered":"https:\/\/linitiative.ca\/International\/metallurgie-siderurgie-les-producteurs-locaux-vont-en-guerre-contre-les-importations-de-fer-a-beton\/"},"modified":"2021-06-06T08:13:27","modified_gmt":"2021-06-06T12:13:27","slug":"metallurgie-siderurgie-les-producteurs-locaux-vont-en-guerre-contre-les-importations-de-fer-a-beton","status":"publish","type":"post","link":"https:\/\/linitiative.ca\/International\/metallurgie-siderurgie-les-producteurs-locaux-vont-en-guerre-contre-les-importations-de-fer-a-beton\/","title":{"rendered":"M\u00e9tallurgie-sid\u00e9rurgie : les producteurs locaux vont en guerre contre les importations de fer \u00e0 b\u00e9ton"},"content":{"rendered":"<p>Les op\u00e9rateurs du secteur de la m\u00e9tallurgie-sid\u00e9rurgie sont de nouveau en guerre contre les importations du fer \u00e0 b\u00e9ton. D\u2019apr\u00e8s nos confr\u00e8res d\u2019\u00a0\u00ab\u00a0Investir au Cameroun\u00a0\u00bb, dans un m\u00e9morandum adress\u00e9 au mois de mai dernier au premier ministre chef du Gouvernement, Joseph Dion Ngute, les pionniers du secteur \u00e0 savoir Prometal, les Aci\u00e9ries du Cameroun et Metafrique, appellent le gouvernement \u00e0 veiller \u00e0 la stricte application de la mesure d\u2019interdiction de ce mat\u00e9riau, alors m\u00eame que les autorisations sp\u00e9ciales d\u2019importations \u00e9mergent depuis quelques temps au grand dam des producteurs locaux. En effet, dans une correspondance adress\u00e9e le 31 mai 2016 au ministre des Finances (Alamine Ousmane Mey \u00e0 l\u2019\u00e9poque), par le secr\u00e9taire g\u00e9n\u00e9ral des services du Premier ministre, Magloire S\u00e9raphin Fouda faisait savoir \u00e0 celui-ci que \u00ab\u2009le Premier ministre, chef du gouvernement, demande (\u2026) de suspendre jusqu\u2019\u00e0 nouvel ordre les importations du fer \u00e0 b\u00e9ton au Cameroun, dans le but de prot\u00e9ger la production locale\u2009\u00bb.<\/p>\n<p><strong>Lire aussi<\/strong> : <strong><a href=\"https:\/\/ecomatin.net\/insecurite-machettes-haches-fer-a-beton-attention-danger\/\">Ins\u00e9curit\u00e9 : machettes, haches, fer \u00e0 b\u00e9ton\u2026 attention danger !<\/a><\/strong><\/p>\n<p>Cette mesure est toujours d\u2019actualit\u00e9 car elle n\u2019a jamais \u00e9t\u00e9 lev\u00e9e. Et pourtant on a encore assist\u00e9 \u00e0 des importations de fer \u00e0 b\u00e9ton pas plus tard qu\u2019en fin d\u2019ann\u00e9e derni\u00e8re. Une cargaison de plus de 7300 tonnes de fer \u00e0 b\u00e9ton avait \u00e9t\u00e9 import\u00e9e ill\u00e9galement par la soci\u00e9t\u00e9 chinoise CHEC, dans le cadre de la deuxi\u00e8me phase de construction du port en eau profonde de Kribi, et avait fait l\u2019objet de saisie par les autorit\u00e9s gouvernementales. C\u2019est en cela que dans leur m\u00e9morandum, les op\u00e9rateurs du secteur des aci\u00e9ries plaident \u00e9galement pour que le gouvernement leur accorde des quotas sur la livraison du fer \u00e0 b\u00e9ton aux entreprises des BTP qui r\u00e9alisent des travaux financ\u00e9s par l\u2019Etat. Ils r\u00e9clament aussi l\u2019instauration des incitations fiscalo-douani\u00e8res \u00e0 prendre en compte dans la loi des finances 2022, \u00e0 l\u2019effet d\u2019encourager la production locale, et surtout de restreindre les importations de ce mat\u00e9riau de construction.<\/p>\n<p><strong>Lire aussi<\/strong> : <a href=\"https:\/\/ecomatin.net\/filiere-siderurgie-metallurgie-letat-envisage-larret-des-importations\/\"><strong>Fili\u00e8re Sid\u00e9rurgie-M\u00e9tallurgie: l\u2019Etat envisage l\u2019arr\u00eat des importations<\/strong><\/a><\/p>\n<p>La fili\u00e8re m\u00e9tallurgie-sid\u00e9rurgie est pourtant porteuse de promesses. Elle revendique une production annuelle \u00e9valu\u00e9e \u00e0 260.000 tonnes, et peut se gargariser d\u2019\u00eatre l\u2019une des rares fili\u00e8res du pays \u00e0 satisfaire la demande locale qui se chiffre \u00e0 180.000 tonnes de fer \u00e0 b\u00e9ton par an. Il va sans dire qu\u2019elle produit au minimum 80.000 tonnes en r\u00e9serves potentiellement exportables. La production locale devrait s\u2019accroitre en 2021 avec 100.000 tonnes suppl\u00e9mentaires, gr\u00e2ce \u00e0\u00a0\u00a0la mise en service d\u2019une nouvelle usine par le leader du march\u00e9 camerounais, Prometal, dans la zone industrielle de Douala-Bassa. Il s\u2019agira de\u00a0l\u2019usine de transformation du fer la plus moderne et la plus diversifi\u00e9e d\u2019Afrique subsaharienne, avec des co\u00fbts d\u2019investissement \u00e9valu\u00e9s \u00e0 40 milliards de F.<\/p>\n<p>Auteur: Yannick KENNE<br \/>\n<a href=\"https:\/\/ecomatin.net\/metallurgie-siderurgie-les-producteurs-locaux-vont-en-guerre-contre-les-importations-de-fer-a-beton\/\">Cliquez ici pour lire l&rsquo;article depuis sa source.<\/a><\/p>\n","protected":false},"excerpt":{"rendered":"<p>Les op\u00e9rateurs du secteur de la m\u00e9tallurgie-sid\u00e9rurgie sont de nouveau en guerre contre les importations du fer \u00e0 b\u00e9ton. D\u2019apr\u00e8s nos confr\u00e8res d\u2019\u00a0\u00ab\u00a0Investir au Cameroun\u00a0\u00bb, dans un m\u00e9morandum adress\u00e9 au mois de mai dernier au premier ministre chef du Gouvernement, Joseph Dion Ngute, les pionniers du secteur \u00e0 savoir Prometal, les Aci\u00e9ries du Cameroun et [&hellip;]<\/p>\n","protected":false},"author":1969,"featured_media":0,"comment_status":"closed","ping_status":"closed","sticky":false,"template":"","format":"standard","meta":{"fifu_image_url":"","fifu_image_alt":"","footnotes":""},"categories":[82,78],"tags":[],"class_list":["post-118115","post","type-post","status-publish","format-standard","hentry","category-cameroun","category-economie"],"_links":{"self":[{"href":"https:\/\/linitiative.ca\/International\/wp-json\/wp\/v2\/posts\/118115","targetHints":{"allow":["GET"]}}],"collection":[{"href":"https:\/\/linitiative.ca\/International\/wp-json\/wp\/v2\/posts"}],"about":[{"href":"https:\/\/linitiative.ca\/International\/wp-json\/wp\/v2\/types\/post"}],"author":[{"embeddable":true,"href":"https:\/\/linitiative.ca\/International\/wp-json\/wp\/v2\/users\/1969"}],"replies":[{"embeddable":true,"href":"https:\/\/linitiative.ca\/International\/wp-json\/wp\/v2\/comments?post=118115"}],"version-history":[{"count":0,"href":"https:\/\/linitiative.ca\/International\/wp-json\/wp\/v2\/posts\/118115\/revisions"}],"wp:attachment":[{"href":"https:\/\/linitiative.ca\/International\/wp-json\/wp\/v2\/media?parent=118115"}],"wp:term":[{"taxonomy":"category","embeddable":true,"href":"https:\/\/linitiative.ca\/International\/wp-json\/wp\/v2\/categories?post=118115"},{"taxonomy":"post_tag","embeddable":true,"href":"https:\/\/linitiative.ca\/International\/wp-json\/wp\/v2\/tags?post=118115"}],"curies":[{"name":"wp","href":"https:\/\/api.w.org\/{rel}","templated":true}]}}