{"id":118116,"date":"2021-06-06T08:23:59","date_gmt":"2021-06-06T12:23:59","guid":{"rendered":"https:\/\/linitiative.ca\/International\/800-millions-pour-construire-le-complexe-marchand-de-foumbot\/"},"modified":"2021-06-06T08:23:59","modified_gmt":"2021-06-06T12:23:59","slug":"800-millions-pour-construire-le-complexe-marchand-de-foumbot","status":"publish","type":"post","link":"https:\/\/linitiative.ca\/International\/800-millions-pour-construire-le-complexe-marchand-de-foumbot\/","title":{"rendered":"800 millions pour construire le complexe marchand de Foumbot"},"content":{"rendered":"<p>La ville de Foumbot aura bient\u00f4t son Complexe d\u2019\u00e9quipements marchands modernes. Les travaux d\u00e9j\u00e0 en cours depuis le 20 novembre 2020 apr\u00e8s la pose de la premi\u00e8re pierre vont \u00e0 termes permettre d\u2019am\u00e9liorer les conditions d\u2019\u00e9changes entre les vendeurs, les exploitants agricoles et les acheteurs nationaux, sous r\u00e9gionaux et \u00e9trangers. \u00ab\u00a0Ce march\u00e9 va regrouper plusieurs acqu\u00e9reurs \u00e9conomiques et sera \u00e0 coup s\u00fbr b\u00e9n\u00e9fique pour les populations de Foumbot, dans le d\u00e9partement du Noun, r\u00e9gion de l\u2019Ouest\u00bb, indique Inoussa Njoya, le maire de la Commune de Foumbot.<\/p>\n<p><strong>Lire aussi<\/strong> : <strong><a href=\"https:\/\/ecomatin.net\/developpement-local-le-feicom-accorde-pres-dun-milliard-de-f-a-la-commune-de-foumban\/\">D\u00e9veloppement local : le Feicom accorde pr\u00e8s d\u2019un milliard de F \u00e0 la commune de Foumban<\/a><\/strong><\/p>\n<p>Il sera construit sur ce site 300 boutiques modernes avec une gare routi\u00e8re ultramoderne. Il sera accompagn\u00e9 des bureaux, des restaurants, des points d\u2019incendie, des toilettes \u00e0 la fin des trois phases de r\u00e9alisation de ce projet, selon les affirmations du maire de cette ville. Une enveloppe de 800 millions de FCFA est destin\u00e9e \u00e0 la r\u00e9alisation de la premi\u00e8re phase de ce projet qui va au finish donner un nouveau visage \u00e0 la ville de Foumbot. Cette premi\u00e8re phase est financ\u00e9e par le Fonds sp\u00e9cial d\u2019\u00e9quipement et d\u2019intervention intercommunale (Feicom) qui a b\u00e9n\u00e9fici\u00e9 d\u2019un appui financier de la coop\u00e9ration allemande via la Banque allemande de d\u00e9veloppement (Kfw) dans le cadre du Programme de d\u00e9centralisation Feicom-villes moyennes (Pdfvm).<\/p>\n<p><strong>Lire aussi<\/strong> : <strong><a href=\"https:\/\/ecomatin.net\/la-mairie-de-bafoussam-2e-recherche-850-millionss-de-f-pour-amenager-le-lac-baleng\/\">La mairie de Bafoussam 2e recherche 850 millions de F pour am\u00e9nager le lac Baleng<\/a><\/strong><\/p>\n<p>D\u2019apr\u00e8s les explications du maire, les \u00e9quipements marchands en construction seront attribu\u00e9s aux op\u00e9rateurs \u00e9conomiques \u00e0 la demande. Un accent sera \u00e9galement mis sur l\u2019activit\u00e9 \u00e0 mener afin d\u2019\u00e9viter la sous-location, r\u00e9prim\u00e9e par la loi. \u00ab\u00a0Nous ne souhaitons pas avoir des op\u00e9rateurs qui font l\u2019\u00e9conomie dans le sac. Les vrais op\u00e9rateurs \u00e9conomiques se verront attribuer des espaces dans cette Complexe marchand. L\u2019un des crit\u00e8res d\u2019\u00e9tude des dossiers des acqu\u00e9reurs sera l\u2019effectivit\u00e9 dans une activit\u00e9 \u00e9conomique identifiable\u00a0\u00bb, pr\u00e9cise l\u2019\u00e9dile de Foumbot.<\/p>\n<p><strong>Armel Djiogue<\/strong><\/p>\n<p>Auteur: EcoMatin<br \/>\n<a href=\"https:\/\/ecomatin.net\/800-millions-pour-construire-le-complexe-marchand-de-foumbot\/\">Cliquez ici pour lire l&rsquo;article depuis sa source.<\/a><\/p>\n","protected":false},"excerpt":{"rendered":"<p>La ville de Foumbot aura bient\u00f4t son Complexe d\u2019\u00e9quipements marchands modernes. Les travaux d\u00e9j\u00e0 en cours depuis le 20 novembre 2020 apr\u00e8s la pose de la premi\u00e8re pierre vont \u00e0 termes permettre d\u2019am\u00e9liorer les conditions d\u2019\u00e9changes entre les vendeurs, les exploitants agricoles et les acheteurs nationaux, sous r\u00e9gionaux et \u00e9trangers. \u00ab\u00a0Ce march\u00e9 va regrouper plusieurs [&hellip;]<\/p>\n","protected":false},"author":1969,"featured_media":0,"comment_status":"closed","ping_status":"closed","sticky":false,"template":"","format":"standard","meta":{"fifu_image_url":"","fifu_image_alt":"","footnotes":""},"categories":[82,78],"tags":[],"class_list":["post-118116","post","type-post","status-publish","format-standard","hentry","category-cameroun","category-economie"],"_links":{"self":[{"href":"https:\/\/linitiative.ca\/International\/wp-json\/wp\/v2\/posts\/118116","targetHints":{"allow":["GET"]}}],"collection":[{"href":"https:\/\/linitiative.ca\/International\/wp-json\/wp\/v2\/posts"}],"about":[{"href":"https:\/\/linitiative.ca\/International\/wp-json\/wp\/v2\/types\/post"}],"author":[{"embeddable":true,"href":"https:\/\/linitiative.ca\/International\/wp-json\/wp\/v2\/users\/1969"}],"replies":[{"embeddable":true,"href":"https:\/\/linitiative.ca\/International\/wp-json\/wp\/v2\/comments?post=118116"}],"version-history":[{"count":0,"href":"https:\/\/linitiative.ca\/International\/wp-json\/wp\/v2\/posts\/118116\/revisions"}],"wp:attachment":[{"href":"https:\/\/linitiative.ca\/International\/wp-json\/wp\/v2\/media?parent=118116"}],"wp:term":[{"taxonomy":"category","embeddable":true,"href":"https:\/\/linitiative.ca\/International\/wp-json\/wp\/v2\/categories?post=118116"},{"taxonomy":"post_tag","embeddable":true,"href":"https:\/\/linitiative.ca\/International\/wp-json\/wp\/v2\/tags?post=118116"}],"curies":[{"name":"wp","href":"https:\/\/api.w.org\/{rel}","templated":true}]}}