{"id":118118,"date":"2021-06-06T14:20:48","date_gmt":"2021-06-06T18:20:48","guid":{"rendered":"https:\/\/linitiative.ca\/International\/relance-post-covid-le-maire-de-douala-sollicite-le-secteur-prive\/"},"modified":"2021-06-06T14:20:48","modified_gmt":"2021-06-06T18:20:48","slug":"relance-post-covid-le-maire-de-douala-sollicite-le-secteur-prive","status":"publish","type":"post","link":"https:\/\/linitiative.ca\/International\/relance-post-covid-le-maire-de-douala-sollicite-le-secteur-prive\/","title":{"rendered":"Relance post-covid : le Maire de Douala sollicite le secteur priv\u00e9"},"content":{"rendered":"<p>Au terme de la premi\u00e8re \u00e9tape de sa tourn\u00e9e \u00e9conomique effectu\u00e9e le 1<sup>er<\/sup>\u00a0juin dernier, le Maire de Douala a pu recenser les projets d\u2019investissement et de cr\u00e9ation d\u2019emplois post-covid -19, puis explorer les voies et moyens\u00a0 en vie de l\u2019accompagnement des entreprises de la ville de Douala (fiscalit\u00e9 locale, routes, assainissement, \u00e9clairage public, d\u00e9livrance des actes d\u2019urbanisme etc\u2026). \u00abCes entreprises ont marqu\u00e9 leur int\u00e9r\u00eat \u00a0\u00e0 participer aux projets d\u2019int\u00e9r\u00eat g\u00e9n\u00e9ral et de proximit\u00e9 dans la ville de Douala. Nous voulons ensemble mettre sur pied une plateforme de concertation et de collaboration afin de rendre notre capitale \u00e9conomique attractive, comp\u00e9titive, tout en am\u00e9liorant le cadre de vie des populations\u00bb, s\u2019est exprim\u00e9 Roger Mbassa Ndine.<\/p>\n<p>D\u2019apr\u00e8s des chiffres de l\u2019Institut national de la statistique (Ins), le Cameroun compte 209.482 unit\u00e9s de petites et moyennes entreprises recens\u00e9es (79,2% de tr\u00e8s petites et moyennes entreprises, 19,3 % de petites entreprises, 1,3% de moyennes entreprises, 0,2% de grandes entreprises, localis\u00e9es majoritairement \u00e0 Douala. Soit 90% du tissu industriel national, contribuant \u00e0 plus de 40 % au Produit int\u00e9rieur brut du Cameroun, et regroupant plus de 60% d\u2019emplois d\u00e9cents.<\/p>\n<p>Si la d\u00e9marche du Maire de Douala vise \u00e0 instaurer une collaboration gagnant-gagnant entre la Communaut\u00e9 urbaine de Douala et les entreprises de la capitale \u00e9conomique, leurs relations sont quelques fois tendues. Cas de celles avec Eneo S.A, Camwater et Camtel. Du fait de leurs diff\u00e9rentes prestations, ces trois concessionnaires d\u00e9gradent r\u00e9guli\u00e8rement la chauss\u00e9e et\u00a0d\u00e9truisent le mobilier urbain. A ce sujet, le Dr. Roger Mbassa Ndine a \u00e9t\u00e9 ferme: \u00abnous n\u2019accepterons pas que les gens fassent comme s\u2019il n\u2019existait pas des autorit\u00e9s de la ville\u00bb, a-t-il r\u00e9agi. Les relations entre la Communaut\u00e9 urbaine de Douala et les entreprises locales demeurent toutefois \u00e9troites. La Mairie de Douala a parrain\u00e9 du 23 au 25 mai 2021, le premier Forum \u00e9conomique de Douala, qui a connu la participation de plusieurs entreprises publiques et priv\u00e9es. Relevons par ailleurs que la Communaut\u00e9 urbaine de Douala a sollicit\u00e9 les entreprises de la capitale \u00e9conomique pour asseoir son plan de lutte contre le covid-19 d\u2019un montant d\u2019environ 4 milliards de FCFA.<\/p>\n<p>Auteur: Georges Semey<br \/>\n<a href=\"https:\/\/ecomatin.net\/relance-post-covid-le-maire-de-douala-sollicitee-le-secteur-prive\/\">Cliquez ici pour lire l&rsquo;article depuis sa source.<\/a><\/p>\n","protected":false},"excerpt":{"rendered":"<p>Au terme de la premi\u00e8re \u00e9tape de sa tourn\u00e9e \u00e9conomique effectu\u00e9e le 1er\u00a0juin dernier, le Maire de Douala a pu recenser les projets d\u2019investissement et de cr\u00e9ation d\u2019emplois post-covid -19, puis explorer les voies et moyens\u00a0 en vie de l\u2019accompagnement des entreprises de la ville de Douala (fiscalit\u00e9 locale, routes, assainissement, \u00e9clairage public, d\u00e9livrance des [&hellip;]<\/p>\n","protected":false},"author":1969,"featured_media":0,"comment_status":"closed","ping_status":"closed","sticky":false,"template":"","format":"standard","meta":{"fifu_image_url":"","fifu_image_alt":"","footnotes":""},"categories":[82,78],"tags":[],"class_list":["post-118118","post","type-post","status-publish","format-standard","hentry","category-cameroun","category-economie"],"_links":{"self":[{"href":"https:\/\/linitiative.ca\/International\/wp-json\/wp\/v2\/posts\/118118","targetHints":{"allow":["GET"]}}],"collection":[{"href":"https:\/\/linitiative.ca\/International\/wp-json\/wp\/v2\/posts"}],"about":[{"href":"https:\/\/linitiative.ca\/International\/wp-json\/wp\/v2\/types\/post"}],"author":[{"embeddable":true,"href":"https:\/\/linitiative.ca\/International\/wp-json\/wp\/v2\/users\/1969"}],"replies":[{"embeddable":true,"href":"https:\/\/linitiative.ca\/International\/wp-json\/wp\/v2\/comments?post=118118"}],"version-history":[{"count":0,"href":"https:\/\/linitiative.ca\/International\/wp-json\/wp\/v2\/posts\/118118\/revisions"}],"wp:attachment":[{"href":"https:\/\/linitiative.ca\/International\/wp-json\/wp\/v2\/media?parent=118118"}],"wp:term":[{"taxonomy":"category","embeddable":true,"href":"https:\/\/linitiative.ca\/International\/wp-json\/wp\/v2\/categories?post=118118"},{"taxonomy":"post_tag","embeddable":true,"href":"https:\/\/linitiative.ca\/International\/wp-json\/wp\/v2\/tags?post=118118"}],"curies":[{"name":"wp","href":"https:\/\/api.w.org\/{rel}","templated":true}]}}