{"id":118124,"date":"2021-06-06T14:00:00","date_gmt":"2021-06-06T18:00:00","guid":{"rendered":"https:\/\/linitiative.ca\/International\/le-guatemala-et-les-seychelles-soutiennent-linitiative-marocaine-dautonomie\/"},"modified":"2021-06-06T14:00:00","modified_gmt":"2021-06-06T18:00:00","slug":"le-guatemala-et-les-seychelles-soutiennent-linitiative-marocaine-dautonomie","status":"publish","type":"post","link":"https:\/\/linitiative.ca\/International\/le-guatemala-et-les-seychelles-soutiennent-linitiative-marocaine-dautonomie\/","title":{"rendered":"Le Guatemala et les Seychelles soutiennent l\u2019Initiative marocaine d\u2019autonomie"},"content":{"rendered":"<p class=\"has-text-align-center has-vivid-red-color has-text-color\"><strong>Sahara marocain<\/strong><\/p>\n<p class=\"has-vivid-cyan-blue-color has-text-color\"><em><strong>Le Guatemala a r\u00e9it\u00e9r\u00e9, jeudi, son \u00ab\u00a0appui ferme et ind\u00e9fectible\u00a0\u00bb \u00e0 l\u2019Initiative d\u2019autonomie pr\u00e9sent\u00e9e par le Maroc comme l\u2019unique solution au diff\u00e9rend r\u00e9gional autour du Sahara marocain, conform\u00e9ment aux r\u00e9solutions des Nations-Unies et ce, dans le cadre de l\u2019int\u00e9grit\u00e9 territoriale du Royaume du Maroc et de sa souverainet\u00e9 sur ses provinces du Sud.<\/strong><\/em><\/p>\n<p>Cette position a \u00e9t\u00e9 r\u00e9affirm\u00e9e par le ministre des Affaires \u00e9trang\u00e8res de la R\u00e9publique du Guatemala, M. Pedro Brolo Vila, lors de son entretien par visioconf\u00e9rence avec le ministre des Affaires \u00e9trang\u00e8res, de la Coop\u00e9ration africaine et des Marocains r\u00e9sidant \u00e0 l\u2019\u00e9tranger, M. Nasser Bourita.<\/p>\n<p>Lors de cet entretien, M. Brolo Vila a \u00e9galement exprim\u00e9 l\u2019appr\u00e9ciation de son pays de l\u2019Initiative Royale du port Atlantique de Dakhla qui ne manquera pas d\u2019avoir un impact majeur sur l\u2019am\u00e9lioration du commerce entre l\u2019Am\u00e9rique Latine et le Maroc, \u00e9galement comme plateforme vers l\u2019ensemble du continent africain, indique un communiqu\u00e9 du minist\u00e8re des Affaires \u00e9trang\u00e8res, de la Coop\u00e9ration africaine et des Marocains r\u00e9sidant \u00e0 l\u2019\u00e9tranger.<\/p>\n<p>De m\u00eame, les deux ministres se sont f\u00e9licit\u00e9s de la comm\u00e9moration du 50\u00e8me anniversaire de l\u2019\u00e9tablissement des relations diplomatiques entre les deux pays, r\u00e9affirmant la volont\u00e9 commune de Sa Majest\u00e9 le Roi Mohammed VI et du Pr\u00e9sident Alejandro Giammattei, d\u2019\u0153uvrer pour la consolidation de ces relations, notamment dans le cadre d\u2019une coop\u00e9ration Sud-Sud mutuellement b\u00e9n\u00e9fique. Lors de cet entretien sanctionn\u00e9 par l\u2019adoption d\u2019une d\u00e9claration conjointe, la R\u00e9publique du Guatemala a remerci\u00e9 le Royaume du Maroc pour les gestes de solidarit\u00e9 et les actions humanitaires envers le peuple guat\u00e9malt\u00e8que suite aux ravages des cyclones ETA et IOTA.<\/p>\n<p>Pour sa part, M. Bourita a lou\u00e9 les initiatives et les programmes de d\u00e9veloppement, de s\u00e9curit\u00e9 alimentaire entrepris par le gouvernement du Guatemala, particuli\u00e8rement dans un contexte de crise.<\/p>\n<p>S\u2019agissant de la coop\u00e9ration multilat\u00e9rale, les deux pays ont convenu d\u2019intensifier le dialogue et la coordination au sujet des questions d\u2019int\u00e9r\u00eat commun au sein des diff\u00e9rentes instances internationales.<\/p>\n<p>M. Brolo Vila a saisi cette occasion pour r\u00e9it\u00e9rer son invitation \u00e0 M. Bourita pour effectuer une visite officielle \u00e0 Guatemala, courant 2021, a conclu le communiqu\u00e9.<\/p>\n<p>De son c\u00f4t\u00e9, le ministre seychellois des Affaires \u00e9trang\u00e8res et du tourisme, M. Louis Sylvestre Radegonde a r\u00e9it\u00e9r\u00e9, vendredi, le soutien de son pays \u00e0 la cause nationale marocaine, exprimant son appui \u00e0 l\u2019initiative d\u2019autonomie propos\u00e9e par le Royaume.<\/p>\n<p>Lors d\u2019un entretien par visioconf\u00e9rence avec le ministre des Affaires \u00e9trang\u00e8res, Nasser Bourita, le ministre seychellois a exprim\u00e9 son appui \u00e0 l\u2019initiative marocaine pour la n\u00e9gociation d\u2019un statut d\u2019autonomie, dans le cadre de la souverainet\u00e9 et de l\u2019int\u00e9grit\u00e9 territoriale du Royaume du Maroc.<\/p>\n<p>De son c\u00f4t\u00e9, M. Bourita a r\u00e9it\u00e9r\u00e9 ses remerciements pour l\u2019appui ind\u00e9fectible des Seychelles \u00e0 la cause marocaine \u00e0 diff\u00e9rentes occasions, au niveau des instances r\u00e9gionales et internationales, indique un communiqu\u00e9 du minist\u00e8re.<\/p>\n<p>Cet entretien, qui s\u2019inscrit dans le cadre du renforcement des liens d\u2019amiti\u00e9 et de fraternit\u00e9 qui unissent le Royaume du Maroc et la R\u00e9publique des Seychelles, avait pour objectif d\u2019insuffler une nouvelle dynamique aux excellentes relations maroco-seychelloises qui ont connu une \u00e9volution positive depuis 2008.<\/p>\n<p>A cet \u00e9gard, MM. Bourita et Radegonde ont salu\u00e9 la r\u00e9ussite de la visite aux Seychelles, en avril 2019, d\u2019une d\u00e9l\u00e9gation marocaine de haut niveau qui a permis d\u2019assurer une meilleure pr\u00e9paration des travaux de la premi\u00e8re session de la Grande Commission mixte de coop\u00e9ration entre les deux pays.<\/p>\n<p>Auteur: M&rsquo;hammed rahal<br \/>\n<a href=\"http:\/\/albayane.press.ma\/le-guatemala-et-les-seychelles-soutiennent-linitiative-marocaine-dautonomie.html\">Cliquez ici pour lire l&rsquo;article depuis sa source.<\/a><\/p>\n","protected":false},"excerpt":{"rendered":"<p>Sahara marocain Le Guatemala a r\u00e9it\u00e9r\u00e9, jeudi, son \u00ab\u00a0appui ferme et ind\u00e9fectible\u00a0\u00bb \u00e0 l\u2019Initiative d\u2019autonomie pr\u00e9sent\u00e9e par le Maroc comme l\u2019unique solution au diff\u00e9rend r\u00e9gional autour du Sahara marocain, conform\u00e9ment aux r\u00e9solutions des Nations-Unies et ce, dans le cadre de l\u2019int\u00e9grit\u00e9 territoriale du Royaume du Maroc et de sa souverainet\u00e9 sur ses provinces du Sud. [&hellip;]<\/p>\n","protected":false},"author":1760,"featured_media":0,"comment_status":"closed","ping_status":"closed","sticky":false,"template":"","format":"standard","meta":{"fifu_image_url":"","fifu_image_alt":"","footnotes":""},"categories":[73,54],"tags":[],"class_list":["post-118124","post","type-post","status-publish","format-standard","hentry","category-actualite","category-maroc"],"_links":{"self":[{"href":"https:\/\/linitiative.ca\/International\/wp-json\/wp\/v2\/posts\/118124","targetHints":{"allow":["GET"]}}],"collection":[{"href":"https:\/\/linitiative.ca\/International\/wp-json\/wp\/v2\/posts"}],"about":[{"href":"https:\/\/linitiative.ca\/International\/wp-json\/wp\/v2\/types\/post"}],"author":[{"embeddable":true,"href":"https:\/\/linitiative.ca\/International\/wp-json\/wp\/v2\/users\/1760"}],"replies":[{"embeddable":true,"href":"https:\/\/linitiative.ca\/International\/wp-json\/wp\/v2\/comments?post=118124"}],"version-history":[{"count":0,"href":"https:\/\/linitiative.ca\/International\/wp-json\/wp\/v2\/posts\/118124\/revisions"}],"wp:attachment":[{"href":"https:\/\/linitiative.ca\/International\/wp-json\/wp\/v2\/media?parent=118124"}],"wp:term":[{"taxonomy":"category","embeddable":true,"href":"https:\/\/linitiative.ca\/International\/wp-json\/wp\/v2\/categories?post=118124"},{"taxonomy":"post_tag","embeddable":true,"href":"https:\/\/linitiative.ca\/International\/wp-json\/wp\/v2\/tags?post=118124"}],"curies":[{"name":"wp","href":"https:\/\/api.w.org\/{rel}","templated":true}]}}