{"id":118125,"date":"2021-06-06T14:00:00","date_gmt":"2021-06-06T18:00:00","guid":{"rendered":"https:\/\/linitiative.ca\/International\/des-evenements-riches-en-teneur-et-en-symbole\/"},"modified":"2021-06-06T14:00:00","modified_gmt":"2021-06-06T18:00:00","slug":"des-evenements-riches-en-teneur-et-en-symbole","status":"publish","type":"post","link":"https:\/\/linitiative.ca\/International\/des-evenements-riches-en-teneur-et-en-symbole\/","title":{"rendered":"Des \u00e9v\u00e9nements riches en teneur et en symbole"},"content":{"rendered":"<p class=\"has-text-align-center has-vivid-red-color has-text-color\"><strong>Activit\u00e9s du PPS dans le Souss<\/strong><\/p>\n<p class=\"has-text-align-right\">Saoudi El Amalki<\/p>\n<p class=\"has-text-color c1\"><strong>Tout d\u2019abord, dans le cadre de la mise en \u0153uvre de son\u00a0 programme \u00e9lectoral dans la r\u00e9gion du Souss Massa, le PPS a tenu, le week end au local du parti une conf\u00e9rence sur la th\u00e9matique du secteur du tourisme.<\/strong><\/p>\n<p>Cette rencontre qui a drain\u00e9 un parterre de cadres et comp\u00e9tences, fut anim\u00e9e par des professionnels du domaine, \u00e0 savoir Khalid Ammar, directeur d\u2019\u00e9tablissement h\u00f4telier et laur\u00e9at de l\u2019institut sup\u00e9rieur international du tourisme \u00e0 Tanger, ainsi que Hassan Aboutayeb, expert av\u00e9r\u00e9 en tourisme rural et Abdelhakim Fakhouri, responsable r\u00e9gional de la constitution et de l\u2019appui des entreprises.<\/p>\n<p>Juste apr\u00e8s le mot d\u2019ouverture du bureau politique, dit par Mustapha Addichane au cours duquel il met l\u2019accent sur l\u2019approche participative du parti dans l\u2019\u00e9laboration des \u00e9bauches \u00e9lectorales des r\u00e9gions du royaume, la parole fut donn\u00e9 respectivement aux trois intervenants.<\/p>\n<p>Pour khalid Ammar, le Covid n\u2019est pas notoirement responsable de la crise que conna\u00eet actuellement le secteur, mais c\u2019est avant tout un d\u00e9ficit structurel dont les retomb\u00e9es prennent naissance de la mauvaise gestion, de la mainmise de nombre de Tours Op\u00e9rateurs, de la ru\u00e9e de la formule d\u00e9vastatrice du All Inclusive, de la carence substantielle de l\u2019a\u00e9rien, de la disette du produit propos\u00e9\u2026 Selon lui, la relance du secteur du tourisme a besoin une refonte de fond sur tous les plans, avec une r\u00e9elle implication de l\u2019Etat et une large mobilisation des professionnels.<\/p>\n<p>De son c\u00f4t\u00e9, Hassan Aboutayeb a surtout mis en relief les potentialit\u00e9s naturelles de la r\u00e9gion Souss Massa qui incitent \u00e0 mettre en place une v\u00e9ritable strat\u00e9gie en vue de promouvoir le tourisme \u00e9cologique et de montagne. D\u2019autant plus, poursuit-il que la r\u00e9gion regorge de sites de haute teneur environnementale et renferme des vertus indispensables au domaine, notamment la s\u00e9curit\u00e9, la stabilit\u00e9, l\u2019hospitalit\u00e9 et la tol\u00e9rance. Les investisseurs du secteur sont appel\u00e9s \u00e0 d\u00e9montrer leur alignement aux initiatives durables des destinations.<\/p>\n<p>Pour sa part, Abdelhakim Fakhour a pass\u00e9 en revue, dans sa speech, les diff\u00e9rentes offres que met l\u2019OFPPT en direction des moyennes et petites entreprises, surtout dans le secteur du tourisme. Ce soutien permet, en effet, de les accompagner et de les financer pour un meilleur et certain rendement du travail entrepreneurial, dit-il dans ce sens, tout en expliquant la modalit\u00e9et la vis\u00e9e de ces opportunit\u00e9s.<\/p>\n<p>A cet \u00e9gard, il met en exergue la n\u00e9cessit\u00e9 du volet de la formation et le recyclage du domaine du tourisme, \u00e0 tous les nivaux. On ne peut jamais concevoir un tourisme performantsansla qualification de sesressources humaine y travaillant, surtout que le secteur vit de mani\u00e8re continue des innovations technologiques fonci\u00e8res.<\/p>\n<p>Ces trous communications aussi diversifi\u00e9es et compl\u00e9mentaires ont suscit\u00e9, par la suite, un d\u00e9bat riche et profond de la part de la salle, pour conclure enfin, sur une panoplie de recommandations probantes. Le lendemain samedi, la ville de Lakli\u00e2, \u00a0relevant de la province d\u2019Inezgane A\u00eft Melloul, a v\u00e9cu un \u00e9v\u00e9nement m\u00e9morable \u00e0 l\u2019occasion de la fondation de la section locale du parti, en pr\u00e9sence des membres du bureau politique, des secr\u00e9taires r\u00e9gional et provincial, des conseillers communaux de plusieurs provinces de la r\u00e9gion et un imposant public de la ville.<\/p>\n<p>Ce fut une occasion d\u2019annoncer de fa\u00e7on solennelle le ralliement au parti de nombre de militantes et militants dont le chef de file Hadj Larbi Kansi, sous les ovations nourries de l\u2019assistance. Ce rassemblement \u00e9tait ponctu\u00e9 par l\u2019\u00e9lection de Younes Widadi, en tant que secr\u00e9taire de la section locale du parti.<\/p>\n<p>Auteur: M&rsquo;hammed rahal<br \/>\n<a href=\"http:\/\/albayane.press.ma\/des-evenements-riches-en-teneur-et-en-symbole.html\">Cliquez ici pour lire l&rsquo;article depuis sa source.<\/a><\/p>\n","protected":false},"excerpt":{"rendered":"<p>Activit\u00e9s du PPS dans le Souss Saoudi El Amalki Tout d\u2019abord, dans le cadre de la mise en \u0153uvre de son\u00a0 programme \u00e9lectoral dans la r\u00e9gion du Souss Massa, le PPS a tenu, le week end au local du parti une conf\u00e9rence sur la th\u00e9matique du secteur du tourisme. Cette rencontre qui a drain\u00e9 un [&hellip;]<\/p>\n","protected":false},"author":1760,"featured_media":0,"comment_status":"closed","ping_status":"closed","sticky":false,"template":"","format":"standard","meta":{"fifu_image_url":"","fifu_image_alt":"","footnotes":""},"categories":[73,54],"tags":[],"class_list":["post-118125","post","type-post","status-publish","format-standard","hentry","category-actualite","category-maroc"],"_links":{"self":[{"href":"https:\/\/linitiative.ca\/International\/wp-json\/wp\/v2\/posts\/118125","targetHints":{"allow":["GET"]}}],"collection":[{"href":"https:\/\/linitiative.ca\/International\/wp-json\/wp\/v2\/posts"}],"about":[{"href":"https:\/\/linitiative.ca\/International\/wp-json\/wp\/v2\/types\/post"}],"author":[{"embeddable":true,"href":"https:\/\/linitiative.ca\/International\/wp-json\/wp\/v2\/users\/1760"}],"replies":[{"embeddable":true,"href":"https:\/\/linitiative.ca\/International\/wp-json\/wp\/v2\/comments?post=118125"}],"version-history":[{"count":0,"href":"https:\/\/linitiative.ca\/International\/wp-json\/wp\/v2\/posts\/118125\/revisions"}],"wp:attachment":[{"href":"https:\/\/linitiative.ca\/International\/wp-json\/wp\/v2\/media?parent=118125"}],"wp:term":[{"taxonomy":"category","embeddable":true,"href":"https:\/\/linitiative.ca\/International\/wp-json\/wp\/v2\/categories?post=118125"},{"taxonomy":"post_tag","embeddable":true,"href":"https:\/\/linitiative.ca\/International\/wp-json\/wp\/v2\/tags?post=118125"}],"curies":[{"name":"wp","href":"https:\/\/api.w.org\/{rel}","templated":true}]}}