{"id":118126,"date":"2021-06-06T14:00:00","date_gmt":"2021-06-06T18:00:00","guid":{"rendered":"https:\/\/linitiative.ca\/International\/ou-en-sont-les-valeurs\/"},"modified":"2021-06-06T14:00:00","modified_gmt":"2021-06-06T18:00:00","slug":"ou-en-sont-les-valeurs","status":"publish","type":"post","link":"https:\/\/linitiative.ca\/International\/ou-en-sont-les-valeurs\/","title":{"rendered":"O\u00f9 en sont les valeurs?"},"content":{"rendered":"<p class=\"has-text-color c1\"><strong>L\u2019\u00e9chec social que notre pays n\u2019arr\u00eate pas de conc\u00e9der conduit, sans doute, au reniement m\u00eame des fondamentaux de la Nation. En fait, le malaise collectif qui incite d\u2019une mani\u00e8re syst\u00e9matique, \u00e0 la col\u00e8re d\u00e9cha\u00een\u00e9e, parmi les populations, en particulier les jeunes, ne peut que g\u00e9n\u00e9rer un sentiment de rejet des symboles identitaires de la patrie.<\/strong><\/p>\n<p>Cet \u00e9tat d\u2019\u00e2me d\u00e9solant est d\u2019autant plus gravissime qu\u2019il conquiert, progressivement, tous les lieux de rencontres des flots humains, traduisant une profonde r\u00e9action de d\u00e9sarroi \u00abc\u00e9r\u00e9monieuse\u00bb. Sans r\u00e9aliser l\u2019ampleur grossi\u00e8re de ces actes, la foule enflamm\u00e9e c\u00e9l\u00e8bre sa propre d\u00e9g\u00e9n\u00e9rescence !<\/p>\n<p>Aussi bien dans la rue que face aux b\u00e2tisses des instances administratives, des nu\u00e9es de contestataires maudissent non seulement leurs conditions de vie alarmantes, mais s\u2019en prennent aux embl\u00e8mes sacr\u00e9s. M\u00eame sur les gradins des stades, des fans conspuent l\u2019hymne national et prof\u00e8rent \u00e0 tue-t\u00eate des slogans hostiles aux assises du royaume. De surcro\u00eet, on hue l\u2019institution marocaine, brandit le fanion \u00e9tranger et immole sans g\u00eane, le drapeau national.<\/p>\n<p>C\u2019est dire combien la flamme de l\u2019appartenance \u00e0 la patrie s\u2019estompe dans le c\u0153ur des protestataires. Certes, comme disait Voltaire, \u00abla foule est m\u00e9chante !\u00bb, cet \u00e9moi g\u00e9n\u00e9ral qui s\u2019empare des jeunes, peut souvent entra\u00eener des exc\u00e8s incontr\u00f4l\u00e9s. Cependant, quand\u00a0 le coup de gueule r\u00e9crimine les fondamentaux d\u2019appui sur lesquels repose l\u2019essence de la nation, on est bel et bien, en pleine d\u00e9ch\u00e9ance des valeurs soci\u00e9tales qui unissent les individus autour du pi\u00e9destal r\u00e9f\u00e9rentiel.<\/p>\n<p>Ce ph\u00e9nom\u00e8ne de refus d\u2019all\u00e9geance \u00e0 la patrie qui prend petit \u00e0 petit, des proportions pr\u00e9occupantes, en mati\u00e8re de propagation et de contagion, tend \u00e0 d\u00e9munir les g\u00e9n\u00e9rations montantes de tout esprit de d\u00e9pendance patriotique. Ce constat se r\u00e9v\u00e8le, chaque jour, par une forte envie des jeunes d\u2019enfourcher les barques de la mort vers des \u00abparadis\u00bb illusoires. De m\u00eame, cette r\u00e9pulsion galopante qui ne cesse de prolif\u00e9rer p\u00e9rilleusement dans les milieux des jeunes, est en passe de constituer une entit\u00e9 sans \u00e2me vivifiante. Comment peut-on alors fonder une nation forte et agissante, alors que ses fils naissent dans l\u2019abandon social et la fracture soci\u00e9tale?<\/p>\n<p>Le manque \u00e0 gagner \u00e0 cet \u00e9gard est \u00e9norme ! Les d\u00e9boires que le pays a cumul\u00e9s, des d\u00e9cennies durant, en termes d\u2019injustice sociale, ont fini par alt\u00e9rer cette affectivit\u00e9 patriotique, nagu\u00e8re fortement ciment\u00e9e au c\u0153ur du mouvement national. La notion de l\u2019appartenance \u00e0 la patrie perdait de sa notori\u00e9t\u00e9, au fil des jours, en face de la mise en place des politiques de paup\u00e9risation et de disparit\u00e9 sociale et territoriale.<\/p>\n<p>A la longue, on ne croit plus \u00e0 rien et on n\u2019a plus confiance en personne, comme dirait-on \u00abla mis\u00e8re a failli se transformer en m\u00e9cr\u00e9ance !\u00bb. Le retour \u00e0 la patriorisation du peuple passe in\u00e9vitablement par la r\u00e9sorption des maux quotidiens de la soci\u00e9t\u00e9, mais aussi par la r\u00e9appropriation des valeurs perdues.<\/p>\n<p>Auteur: M&rsquo;hammed rahal<br \/>\n<a href=\"http:\/\/albayane.press.ma\/ou-en-sont-les-valeurs.html\">Cliquez ici pour lire l&rsquo;article depuis sa source.<\/a><\/p>\n","protected":false},"excerpt":{"rendered":"<p>L\u2019\u00e9chec social que notre pays n\u2019arr\u00eate pas de conc\u00e9der conduit, sans doute, au reniement m\u00eame des fondamentaux de la Nation. En fait, le malaise collectif qui incite d\u2019une mani\u00e8re syst\u00e9matique, \u00e0 la col\u00e8re d\u00e9cha\u00een\u00e9e, parmi les populations, en particulier les jeunes, ne peut que g\u00e9n\u00e9rer un sentiment de rejet des symboles identitaires de la patrie. [&hellip;]<\/p>\n","protected":false},"author":1760,"featured_media":0,"comment_status":"closed","ping_status":"closed","sticky":false,"template":"","format":"standard","meta":{"fifu_image_url":"","fifu_image_alt":"","footnotes":""},"categories":[73,54],"tags":[],"class_list":["post-118126","post","type-post","status-publish","format-standard","hentry","category-actualite","category-maroc"],"_links":{"self":[{"href":"https:\/\/linitiative.ca\/International\/wp-json\/wp\/v2\/posts\/118126","targetHints":{"allow":["GET"]}}],"collection":[{"href":"https:\/\/linitiative.ca\/International\/wp-json\/wp\/v2\/posts"}],"about":[{"href":"https:\/\/linitiative.ca\/International\/wp-json\/wp\/v2\/types\/post"}],"author":[{"embeddable":true,"href":"https:\/\/linitiative.ca\/International\/wp-json\/wp\/v2\/users\/1760"}],"replies":[{"embeddable":true,"href":"https:\/\/linitiative.ca\/International\/wp-json\/wp\/v2\/comments?post=118126"}],"version-history":[{"count":0,"href":"https:\/\/linitiative.ca\/International\/wp-json\/wp\/v2\/posts\/118126\/revisions"}],"wp:attachment":[{"href":"https:\/\/linitiative.ca\/International\/wp-json\/wp\/v2\/media?parent=118126"}],"wp:term":[{"taxonomy":"category","embeddable":true,"href":"https:\/\/linitiative.ca\/International\/wp-json\/wp\/v2\/categories?post=118126"},{"taxonomy":"post_tag","embeddable":true,"href":"https:\/\/linitiative.ca\/International\/wp-json\/wp\/v2\/tags?post=118126"}],"curies":[{"name":"wp","href":"https:\/\/api.w.org\/{rel}","templated":true}]}}