{"id":118128,"date":"2021-06-06T14:00:00","date_gmt":"2021-06-06T18:00:00","guid":{"rendered":"https:\/\/linitiative.ca\/International\/les-favoris-lances-federer-saccroche-mais-doute\/"},"modified":"2021-06-06T14:00:00","modified_gmt":"2021-06-06T18:00:00","slug":"les-favoris-lances-federer-saccroche-mais-doute","status":"publish","type":"post","link":"https:\/\/linitiative.ca\/International\/les-favoris-lances-federer-saccroche-mais-doute\/","title":{"rendered":"Les favoris lanc\u00e9s, Federer s\u2019accroche mais doute"},"content":{"rendered":"<p class=\"has-text-align-center has-vivid-red-color has-text-color\"><strong>Roland-Garros<\/strong><\/p>\n<div class=\"wp-block-image\">\n<figure class=\"aligncenter size-large is-resized\"><img decoding=\"async\" loading=\"lazy\" src=\"http:\/\/albayane.press.ma\/wp-content\/uploads\/16-ouv2.jpg\" alt=\"\" class=\"wp-image-114146\" width=\"634\" height=\"317\"\/><\/figure>\n<\/div>\n<p class=\"has-vivid-cyan-blue-color has-text-color\"><strong>Dans la nuit de samedi \u00e0 dimanche, dans le froid et le vide sid\u00e9ral du court Philippe-Chatrier sous couvre feu, Roger Federer a livr\u00e9 et gagn\u00e9 un bras de fer de plus de trois heures et demie pour atteindre les 8e de finale de Roland-Garros.<\/strong><\/p>\n<p>Au contraire, ses comp\u00e8res du Big 3 Novak Djokovic et Rafael Nadal ainsi que la tenante du titre chez les dames Iga Swiatek se sont qualifi\u00e9s pour les 8e de finale en ayant trouv\u00e9 un sacr\u00e9 rythme de croisi\u00e8re.<\/p>\n<p>En remportant son troisi\u00e8me match cette ann\u00e9e Porte d\u2019Auteuil, Nadal y a par ailleurs \u00e9tabli un nouveau record: avec d\u00e9sormais 103 victoires (pour deux d\u00e9faites), l\u2019Espagnol est le joueur le plus prolifique dans un m\u00eame tournoi du Grand Chelem, devant les 102 de Federer \u00e0 l\u2019Open d\u2019Australie (et 101 \u00e0 Wimbledon). Le record personnel de Djokovic est de 82 succ\u00e8s, \u00e0 Melbourne.<\/p>\n<p>\u00abC\u2019\u00e9tait un sacr\u00e9 match, avec beaucoup de rebondissements !\u00bb Federer, qui joue son premier Grand Chelem depuis seize mois, \u00e9tait heureux d\u2019avoir \u00e9cart\u00e9 l\u2019Allemand Dominik Koepfer (59e) 7-6 (7\/5), 6-7 (3\/7), 7-6 (7\/4), 7-5 apr\u00e8s 3h35 de bras de fer.<\/p>\n<p>Mais imm\u00e9diatement apr\u00e8s, le Suisse a jet\u00e9 un doute sur sa participation aux 8es de finale.<\/p>\n<p>\u00abJe ne sais pas si je vais jouer\u00bb contre Matteo Berrettini, \u00abje dois d\u00e9cider si je continue \u00e0 jouer ou non. N\u2019est-ce pas trop risqu\u00e9 de continuer \u00e0 tirer (sur le genou), n\u2019est-ce pas le bon moment pour se reposer ?\u00bb, s\u2019est-il interrog\u00e9 en conf\u00e9rence de presse, en r\u00e9f\u00e9rence au tournoi de Halle qui d\u00e9bute le 14 juin et va lancer sa saison sur gazon.<\/p>\n<p>Revenu \u00e0 la comp\u00e9tition en mars, apr\u00e8s deux op\u00e9rations au genou droit en 2020, le Suisse qui f\u00eatera ses 40 ans en ao\u00fbt a fait de Wimbledon son objectif prioritaire.<\/p>\n<p>\u00abA chaque match, je dois r\u00e9\u00e9valuer la situation et voir le lendemain matin dans quel \u00e9tat je me r\u00e9veille et comment va mon genou. C\u2019est peut-\u00eatre m\u00eame encore plus vrai apr\u00e8s un match aussi long que celui d\u2019aujourd\u2019hui\u00bb, a pr\u00e9cis\u00e9 l\u2019ex-N.1 mondial aujourd\u2019hui 8e.<\/p>\n<p>N\u00e9anmoins, il retire du positif de ce marathon, estimant avoir fait \u00abun grand pas en avant\u00bb concernant sa condition physique.<\/p>\n<p>\u00abJe ne pensais pas gagner trois matchs d\u2019affil\u00e9e ici\u00bb, a-t-il affirm\u00e9.<\/p>\n<p>Djokovic s\u2019est promen\u00e9 pour \u00e9carter le Lituanien Ricardas Berankis (93e) 6-1, 6-4, 6-1 en 1h32.<\/p>\n<p>\u00abJ\u2019ai \u00e9t\u00e9 solide, j\u2019ai beaucoup vari\u00e9 dans les \u00e9changes\u00bb, a r\u00e9sum\u00e9 le N.1 mondial qui vise un 19e titre du Grand Chelem pour se rapprocher \u00e0 une longueur du record cod\u00e9tenu par Nadal et Federer.<\/p>\n<p>Finaliste l\u2019an dernier, le Serbe atteint les huiti\u00e8mes de finale \u00e0 Roland-Garros pour la douzi\u00e8me fois cons\u00e9cutivement, ce qui repr\u00e9sente un record dans l\u2019\u00e8re Open (depuis 1968). Nadal et Federer se sont arr\u00eat\u00e9s \u00e0 onze huiti\u00e8mes cons\u00e9cutifs sur la terre parisienne, entre 2005 et 2015.<\/p>\n<p>Nadal, lui, a commis quelques fautes (29 au total) qui ont permis au Britannique Cameron Norrie (45e) de ne pas \u00eatre totalement submerg\u00e9 (6-3, 6-3, 6-3).<\/p>\n<p>\u00abParfois, j\u2019ai jou\u00e9 un bon tennis, parfois je pouvais mieux faire\u00bb, a comment\u00e9 le N.3 mondial. \u00abIl y a des choses que je dois faire mieux, mais j\u2019ai confiance, je pense pouvoir le faire\u00bb, a-t-il pr\u00e9venu.<\/p>\n<p>Il reste donc plus que jamais le favori pour un 14e sacre parisien, synonyme de 21e titre record en Grand Chelem.<\/p>\n<p>L\u2019Espagnol affrontera Jannik Sinner (19e \u00e0 19 ans), qu\u2019il a battu 7-5, 6-4 en mai au 2e tour du Masters 1000 de Rome en route vers un 10e titre. \u00abCe qui s\u2019est pass\u00e9 \u00e0 Rome reste \u00e0 Rome\u00bb, a cependant affirm\u00e9 Nadal.<br \/>Le Serbe jouera contre Lorenzo Musetti (76e) qui, \u00e0 19 ans, participe \u00e0 son premier tournoi du Grand Chelem.<br \/>Inattendue l\u2019an pass\u00e9, l\u2019\u00e9tudiante polonaise avait d\u00e9boul\u00e9 \u00e0 19 ans et remport\u00e9 son premier titre du Grand Chelem sans conc\u00e9der le moindre set.<\/p>\n<p>Attendue cette ann\u00e9e, Swiatek, qui a f\u00eat\u00e9 ses 20 ans lundi, a travers\u00e9 la premi\u00e8re semaine sur un rythme comparable \u00e0 celui de l\u2019an dernier, sans perdre une seul manche. Au total, apr\u00e8s sa victoire samedi contre Anett Kontaveit (31e) 7-6 (7-4), 6-0, elle en est donc \u00e0 20 sets gagn\u00e9s d\u2019affil\u00e9e \u00e0 Roland-Garros.<\/p>\n<p>\u00abJe ne suis pas pass\u00e9e loin de ne pas faire durer ce record aujourd\u2019hui\u00bb, a-t-elle reconnu.<\/p>\n<p>Mais, apr\u00e8s les forfaits de Naomi Osaka (2e) et Simona Halep (3e), ainsi que l\u2019abandon d\u2019Ashleigh Barty (N.1) et la d\u00e9faite d\u2019Aryna Sabalenka (4e), la d\u00e9monstration du second set pose Swiatek comme la favorite du tournoi.<br \/>Aucune joueuse n\u2019a plus conserv\u00e9 son titre \u00e0 Roland-Garros depuis Justine H\u00e9nin, qui s\u2019\u00e9tait m\u00eame impos\u00e9e trois fois de suite en 2005, 2006 et 2007.<\/p>\n<p>Auteur: M&rsquo;hammed rahal<br \/>\n<a href=\"http:\/\/albayane.press.ma\/les-favoris-lances-federer-saccroche-mais-doute.html\">Cliquez ici pour lire l&rsquo;article depuis sa source.<\/a><\/p>\n","protected":false},"excerpt":{"rendered":"<p>Roland-Garros Dans la nuit de samedi \u00e0 dimanche, dans le froid et le vide sid\u00e9ral du court Philippe-Chatrier sous couvre feu, Roger Federer a livr\u00e9 et gagn\u00e9 un bras de fer de plus de trois heures et demie pour atteindre les 8e de finale de Roland-Garros. Au contraire, ses comp\u00e8res du Big 3 Novak Djokovic [&hellip;]<\/p>\n","protected":false},"author":1760,"featured_media":0,"comment_status":"closed","ping_status":"closed","sticky":false,"template":"","format":"standard","meta":{"fifu_image_url":"http:\/\/albayane.press.ma\/wp-content\/uploads\/16-ouv2.jpg","fifu_image_alt":"Les favoris lanc\u00e9s, Federer s\u2019accroche mais doute","footnotes":""},"categories":[73,54],"tags":[],"class_list":["post-118128","post","type-post","status-publish","format-standard","hentry","category-actualite","category-maroc"],"_links":{"self":[{"href":"https:\/\/linitiative.ca\/International\/wp-json\/wp\/v2\/posts\/118128","targetHints":{"allow":["GET"]}}],"collection":[{"href":"https:\/\/linitiative.ca\/International\/wp-json\/wp\/v2\/posts"}],"about":[{"href":"https:\/\/linitiative.ca\/International\/wp-json\/wp\/v2\/types\/post"}],"author":[{"embeddable":true,"href":"https:\/\/linitiative.ca\/International\/wp-json\/wp\/v2\/users\/1760"}],"replies":[{"embeddable":true,"href":"https:\/\/linitiative.ca\/International\/wp-json\/wp\/v2\/comments?post=118128"}],"version-history":[{"count":0,"href":"https:\/\/linitiative.ca\/International\/wp-json\/wp\/v2\/posts\/118128\/revisions"}],"wp:attachment":[{"href":"https:\/\/linitiative.ca\/International\/wp-json\/wp\/v2\/media?parent=118128"}],"wp:term":[{"taxonomy":"category","embeddable":true,"href":"https:\/\/linitiative.ca\/International\/wp-json\/wp\/v2\/categories?post=118128"},{"taxonomy":"post_tag","embeddable":true,"href":"https:\/\/linitiative.ca\/International\/wp-json\/wp\/v2\/tags?post=118128"}],"curies":[{"name":"wp","href":"https:\/\/api.w.org\/{rel}","templated":true}]}}