{"id":118132,"date":"2021-06-07T08:20:00","date_gmt":"2021-06-07T12:20:00","guid":{"rendered":"https:\/\/linitiative.ca\/International\/installation-du-comite-technique-charge-des-dossiers-relatifs-a-lexercice-de-lactivite-de-concessionnaire\/"},"modified":"2021-06-07T08:20:00","modified_gmt":"2021-06-07T12:20:00","slug":"installation-du-comite-technique-charge-des-dossiers-relatifs-a-lexercice-de-lactivite-de-concessionnaire","status":"publish","type":"post","link":"https:\/\/linitiative.ca\/International\/installation-du-comite-technique-charge-des-dossiers-relatifs-a-lexercice-de-lactivite-de-concessionnaire\/","title":{"rendered":"Installation du comit\u00e9 technique charg\u00e9 des dossiers relatifs \u00e0 l&rsquo;exercice de l&rsquo;activit\u00e9 de concessionnaire"},"content":{"rendered":"<div id=\"originalText\" readability=\"106\">\n<p class=\"c6\">Le comit\u00e9 technique interminist\u00e9riel charg\u00e9 de l&rsquo;examen et du suivi des dossiers relatifs \u00e0 l&rsquo;exercice de l&rsquo;activit\u00e9 de concessionnaires de v\u00e9hicules neufs a \u00e9t\u00e9 install\u00e9, lundi \u00e0 Alger, par le secr\u00e9taire g\u00e9n\u00e9ral du minist\u00e8re de l&rsquo;Industrie, Salem Ahmed Zaid.<\/p>\n<p class=\"c6\">Ce comit\u00e9 d\u00e9butera \u00e0 partir de la semaine prochaine l&rsquo;\u00e9tude des dossiers des op\u00e9rateurs \u00e9conomiques souhaitant activer en tant que concessionnaires de v\u00e9hicules neufs selon un ordre chronologique du d\u00e9p\u00f4t de leurs dossiers sur la plateforme num\u00e9rique d\u00e9di\u00e9e, a affirm\u00e9 \u00e0 l&rsquo;APS le SG du minist\u00e8re en marge de la c\u00e9r\u00e9monie d&rsquo;installation.<\/p>\n<p class=\"c6\">Ce comit\u00e9 est compos\u00e9 de repr\u00e9sentants du minist\u00e8re de l&rsquo;Industrie, du Commerce, des Finances, de l&rsquo;Energie et des Mines, de l&rsquo;Int\u00e9rieur, des Collectivit\u00e9s locales et de l&rsquo;Am\u00e9nagement du territoire.<\/p>\n<p class=\"c6\">Selon M. Zaid, ce comit\u00e9 exercera ses missions dans le cadre des amendements apport\u00e9s au d\u00e9cret ex\u00e9cutif n21-175 modifiant et compl\u00e9tant les dispositions du d\u00e9cret ex\u00e9cutif 20-227 fixant les conditions et les modalit\u00e9s d&rsquo;exercice de l&rsquo;activit\u00e9 de concessionnaire de v\u00e9hicules neufs.<\/p>\n<p class=\"c6\">A ce sujet, le SG du minist\u00e8re a assur\u00e9 que les amendements portaient principalement sur \u00ab\u00a0la simplification et la mise en coh\u00e9rence des conditions d&rsquo;\u00e9ligibilit\u00e9 favorisant la concurrence et la transparence\u00a0\u00bb.<\/p>\n<p class=\"c6\">Il a ajout\u00e9 que les mesures de modification propos\u00e9es visent l&rsquo;all\u00e8gement et la facilitation ainsi que la simplification des proc\u00e9dures administratives requises pour l&rsquo;obtention de l&rsquo;agr\u00e9ment d&rsquo;exercice de l&rsquo;activit\u00e9 de concessionnaires de v\u00e9hicules neufs, citant notamment la suppression de l&rsquo;autorisation provisoire des conditions requises pour l&rsquo;obtention de l&rsquo;agr\u00e9ment.<\/p>\n<p class=\"c6\">Il est \u00e9galement question de la simplification et de l&rsquo;all\u00e9gement des proc\u00e9dures administratives passant de deux \u00e9tapes \u00e0 une seule incluant la suppression de l&rsquo;exigence des documents demand\u00e9s dans la premi\u00e8re \u00e9tape, a-t-il mentionn\u00e9.<\/p>\n<p class=\"c6\">Selon le m\u00eame responsable, il est exig\u00e9 une seule attestation \u00e9tablie par un notaire exer\u00e7ant en Alg\u00e9rie certifiant l&rsquo;existence, la validit\u00e9 et la conformit\u00e9 de plusieurs documents de l&rsquo;op\u00e9rateur, \u00e0 savoir les statuts de la soci\u00e9t\u00e9 faisant ressortir le code d&rsquo;activit\u00e9 de concessionnaire, la carte d&rsquo;identification fiscale, le registre du commerce, l&rsquo;extrait de r\u00f4le apur\u00e9, la mise \u00e0 jour de la CNAS \u00e0 la date du d\u00e9p\u00f4t de la demande et la liste du personnel et ses qualifications accompagn\u00e9e d&rsquo;une attestation CNAS.<\/p>\n<p class=\"c6\">Autre modification apport\u00e9e au dispositif, la limitation de la cylindr\u00e9e des v\u00e9hicules \u00e0 1.600 cm3 (1,6 litre) \u00ab\u00a0afin de permettre l&rsquo;importation d&rsquo;un plus grand nombre de v\u00e9hicules \u00e0 moindre prix et de satisfaire la classe moyenne du march\u00e9 national de v\u00e9hicules\u00a0\u00bb, a fait savoir M. Ahmed Zaid.<\/p>\n<p class=\"c6\">De plus, le concessionnaire doit s&rsquo;engager \u00e0 honorer toute commande d&rsquo;achat \u00e0 hauteur d&rsquo;au moins 15 % du total des ventes pour les v\u00e9hicules \u00e9lectriques. En outre, le concessionnaire doit s&rsquo;engager \u00e0 vendre un seul v\u00e9hicule particulier par personne physique \u00e0 partir de l&rsquo;acquisition de son premier v\u00e9hicule aupr\u00e8s de l&rsquo;ensemble des concessionnaires pour une p\u00e9riode de trois (03) ans.<\/p>\n<p class=\"c6\">\u00ab\u00a0La pr\u00e9sence de repr\u00e9sentants du minist\u00e8re de l&rsquo;Int\u00e9rieur au sein du comit\u00e9 doit permettre de cr\u00e9er un syst\u00e8me d&rsquo;\u00e9change d&rsquo;information entre nos deux secteurs pour que les v\u00e9hicules soient facilement identifiables par les deux d\u00e9partements et garantir ainsi la limitation \u00e0 un seul v\u00e9hicule par personne physique pendant trois ans\u00a0\u00bb, a soulign\u00e9 le SG du minist\u00e8re de l&rsquo;Industrie.<\/p>\n<p class=\"c6\">\u00a0<\/p>\n<p class=\"c7\"><strong>APS<\/strong><\/p>\n<\/div>\n<div id=\"text_core\" readability=\"106\">\n<p class=\"c6\">Le comit\u00e9 technique interminist\u00e9riel charg\u00e9 de l&rsquo;examen et du suivi des dossiers relatifs \u00e0 l&rsquo;exercice de l&rsquo;activit\u00e9 de concessionnaires de v\u00e9hicules neufs a \u00e9t\u00e9 install\u00e9, lundi \u00e0 Alger, par le secr\u00e9taire g\u00e9n\u00e9ral du minist\u00e8re de l&rsquo;Industrie, Salem Ahmed Zaid.<\/p>\n<p class=\"c6\">Ce comit\u00e9 d\u00e9butera \u00e0 partir de la semaine prochaine l&rsquo;\u00e9tude des dossiers des op\u00e9rateurs \u00e9conomiques souhaitant activer en tant que concessionnaires de v\u00e9hicules neufs selon un ordre chronologique du d\u00e9p\u00f4t de leurs dossiers sur la plateforme num\u00e9rique d\u00e9di\u00e9e, a affirm\u00e9 \u00e0 l&rsquo;APS le SG du minist\u00e8re en marge de la c\u00e9r\u00e9monie d&rsquo;installation.<\/p>\n<p class=\"c6\">Ce comit\u00e9 est compos\u00e9 de repr\u00e9sentants du minist\u00e8re de l&rsquo;Industrie, du Commerce, des Finances, de l&rsquo;Energie et des Mines, de l&rsquo;Int\u00e9rieur, des Collectivit\u00e9s locales et de l&rsquo;Am\u00e9nagement du territoire.<\/p>\n<p class=\"c6\">Selon M. Zaid, ce comit\u00e9 exercera ses missions dans le cadre des amendements apport\u00e9s au d\u00e9cret ex\u00e9cutif n21-175 modifiant et compl\u00e9tant les dispositions du d\u00e9cret ex\u00e9cutif 20-227 fixant les conditions et les modalit\u00e9s d&rsquo;exercice de l&rsquo;activit\u00e9 de concessionnaire de v\u00e9hicules neufs.<\/p>\n<p class=\"c6\">A ce sujet, le SG du minist\u00e8re a assur\u00e9 que les amendements portaient principalement sur \u00ab\u00a0la simplification et la mise en coh\u00e9rence des conditions d&rsquo;\u00e9ligibilit\u00e9 favorisant la concurrence et la transparence\u00a0\u00bb.<\/p>\n<p class=\"c6\">Il a ajout\u00e9 que les mesures de modification propos\u00e9es visent l&rsquo;all\u00e8gement et la facilitation ainsi que la simplification des proc\u00e9dures administratives requises pour l&rsquo;obtention de l&rsquo;agr\u00e9ment d&rsquo;exercice de l&rsquo;activit\u00e9 de concessionnaires de v\u00e9hicules neufs, citant notamment la suppression de l&rsquo;autorisation provisoire des conditions requises pour l&rsquo;obtention de l&rsquo;agr\u00e9ment.<\/p>\n<p class=\"c6\">Il est \u00e9galement question de la simplification et de l&rsquo;all\u00e9gement des proc\u00e9dures administratives passant de deux \u00e9tapes \u00e0 une seule incluant la suppression de l&rsquo;exigence des documents demand\u00e9s dans la premi\u00e8re \u00e9tape, a-t-il mentionn\u00e9.<\/p>\n<p class=\"c6\">Selon le m\u00eame responsable, il est exig\u00e9 une seule attestation \u00e9tablie par un notaire exer\u00e7ant en Alg\u00e9rie certifiant l&rsquo;existence, la validit\u00e9 et la conformit\u00e9 de plusieurs documents de l&rsquo;op\u00e9rateur, \u00e0 savoir les statuts de la soci\u00e9t\u00e9 faisant ressortir le code d&rsquo;activit\u00e9 de concessionnaire, la carte d&rsquo;identification fiscale, le registre du commerce, l&rsquo;extrait de r\u00f4le apur\u00e9, la mise \u00e0 jour de la CNAS \u00e0 la date du d\u00e9p\u00f4t de la demande et la liste du personnel et ses qualifications accompagn\u00e9e d&rsquo;une attestation CNAS.<\/p>\n<p class=\"c6\">Autre modification apport\u00e9e au dispositif, la limitation de la cylindr\u00e9e des v\u00e9hicules \u00e0 1.600 cm3 (1,6 litre) \u00ab\u00a0afin de permettre l&rsquo;importation d&rsquo;un plus grand nombre de v\u00e9hicules \u00e0 moindre prix et de satisfaire la classe moyenne du march\u00e9 national de v\u00e9hicules\u00a0\u00bb, a fait savoir M. Ahmed Zaid.<\/p>\n<p class=\"c6\">De plus, le concessionnaire doit s&rsquo;engager \u00e0 honorer toute commande d&rsquo;achat \u00e0 hauteur d&rsquo;au moins 15 % du total des ventes pour les v\u00e9hicules \u00e9lectriques. En outre, le concessionnaire doit s&rsquo;engager \u00e0 vendre un seul v\u00e9hicule particulier par personne physique \u00e0 partir de l&rsquo;acquisition de son premier v\u00e9hicule aupr\u00e8s de l&rsquo;ensemble des concessionnaires pour une p\u00e9riode de trois (03) ans.<\/p>\n<p class=\"c6\">\u00ab\u00a0La pr\u00e9sence de repr\u00e9sentants du minist\u00e8re de l&rsquo;Int\u00e9rieur au sein du comit\u00e9 doit permettre de cr\u00e9er un syst\u00e8me d&rsquo;\u00e9change d&rsquo;information entre nos deux secteurs pour que les v\u00e9hicules soient facilement identifiables par les deux d\u00e9partements et garantir ainsi la limitation \u00e0 un seul v\u00e9hicule par personne physique pendant trois ans\u00a0\u00bb, a soulign\u00e9 le SG du minist\u00e8re de l&rsquo;Industrie.<\/p>\n<p class=\"c6\">\u00a0<\/p>\n<p class=\"c7\"><strong>APS<\/strong><\/p>\n<\/div>\n<p>Auteur:<br \/>\n<a href=\"https:\/\/www.liberte-algerie.com\/actualite\/installation-du-comite-technique-charge-des-dossiers-relatifs-a-lexercice-de-lactivite-de-concessionnaire-359952\">Cliquez ici pour lire l&rsquo;article depuis sa source.<\/a><\/p>\n","protected":false},"excerpt":{"rendered":"<p>Le comit\u00e9 technique interminist\u00e9riel charg\u00e9 de l&rsquo;examen et du suivi des dossiers relatifs \u00e0 l&rsquo;exercice de l&rsquo;activit\u00e9 de concessionnaires de v\u00e9hicules neufs a \u00e9t\u00e9 install\u00e9, lundi \u00e0 Alger, par le secr\u00e9taire g\u00e9n\u00e9ral du minist\u00e8re de l&rsquo;Industrie, Salem Ahmed Zaid. Ce comit\u00e9 d\u00e9butera \u00e0 partir de la semaine prochaine l&rsquo;\u00e9tude des dossiers des op\u00e9rateurs \u00e9conomiques souhaitant [&hellip;]<\/p>\n","protected":false},"author":1742,"featured_media":0,"comment_status":"closed","ping_status":"closed","sticky":false,"template":"","format":"standard","meta":{"fifu_image_url":"","fifu_image_alt":"","footnotes":""},"categories":[73,53],"tags":[],"class_list":["post-118132","post","type-post","status-publish","format-standard","hentry","category-actualite","category-algerie"],"_links":{"self":[{"href":"https:\/\/linitiative.ca\/International\/wp-json\/wp\/v2\/posts\/118132","targetHints":{"allow":["GET"]}}],"collection":[{"href":"https:\/\/linitiative.ca\/International\/wp-json\/wp\/v2\/posts"}],"about":[{"href":"https:\/\/linitiative.ca\/International\/wp-json\/wp\/v2\/types\/post"}],"author":[{"embeddable":true,"href":"https:\/\/linitiative.ca\/International\/wp-json\/wp\/v2\/users\/1742"}],"replies":[{"embeddable":true,"href":"https:\/\/linitiative.ca\/International\/wp-json\/wp\/v2\/comments?post=118132"}],"version-history":[{"count":0,"href":"https:\/\/linitiative.ca\/International\/wp-json\/wp\/v2\/posts\/118132\/revisions"}],"wp:attachment":[{"href":"https:\/\/linitiative.ca\/International\/wp-json\/wp\/v2\/media?parent=118132"}],"wp:term":[{"taxonomy":"category","embeddable":true,"href":"https:\/\/linitiative.ca\/International\/wp-json\/wp\/v2\/categories?post=118132"},{"taxonomy":"post_tag","embeddable":true,"href":"https:\/\/linitiative.ca\/International\/wp-json\/wp\/v2\/tags?post=118132"}],"curies":[{"name":"wp","href":"https:\/\/api.w.org\/{rel}","templated":true}]}}