{"id":118135,"date":"2021-06-06T18:27:54","date_gmt":"2021-06-06T22:27:54","guid":{"rendered":"https:\/\/linitiative.ca\/International\/inauguration-dune-classe-doralisation-pour-developper-la-communication-des-enfants-sourds\/"},"modified":"2021-06-06T18:27:54","modified_gmt":"2021-06-06T22:27:54","slug":"inauguration-dune-classe-doralisation-pour-developper-la-communication-des-enfants-sourds","status":"publish","type":"post","link":"https:\/\/linitiative.ca\/International\/inauguration-dune-classe-doralisation-pour-developper-la-communication-des-enfants-sourds\/","title":{"rendered":"Inauguration d\u2019une Classe d\u2019oralisation pour d\u00e9velopper la communication des enfants sourds"},"content":{"rendered":"<p><iframe loading=\"lazy\" width=\"1170\" height=\"658\" src=\"https:\/\/www.youtube.com\/embed\/Ty-qBy-RQsg?feature=oembed\" frameborder=\"0\" allow=\"accelerometer; autoplay; clipboard-write; encrypted-media; gyroscope; picture-in-picture\" allowfullscreen=\"allowfullscreen\">[embedded content]<\/iframe><\/p>\n<div class=\"single-post-excerpt post-excerpt-bc\" readability=\"39\">\n<p>Une classe d\u2019oralisation d\u00e9di\u00e9e \u00e0 d\u00e9velopper la communication orale des enfants sourds, de mani\u00e8re \u00e0 leur permettre de poursuivre leurs \u00e9tudes et \u00e0 mettre en avant leurs capacit\u00e9s cr\u00e9atives et cognitives, a \u00e9t\u00e9 inaugur\u00e9e samedi \u00e0 Marrakech et ce, en marge de la Convention nationale de Lions Clubs International, District 416- Maroc.<\/p>\n<\/div>\n<p>Auteur: Meriem IGASS<br \/>\n<a href=\"http:\/\/www.mapmarrakech.ma\/fr\/inauguration-dune-classe-doralisation-pour-developper-la-communication-des-enfants-sourds\/\">Cliquez ici pour lire l&rsquo;article depuis sa source.<\/a><\/p>\n","protected":false},"excerpt":{"rendered":"<p>[embedded content] Une classe d\u2019oralisation d\u00e9di\u00e9e \u00e0 d\u00e9velopper la communication orale des enfants sourds, de mani\u00e8re \u00e0 leur permettre de poursuivre leurs \u00e9tudes et \u00e0 mettre en avant leurs capacit\u00e9s cr\u00e9atives et cognitives, a \u00e9t\u00e9 inaugur\u00e9e samedi \u00e0 Marrakech et ce, en marge de la Convention nationale de Lions Clubs International, District 416- Maroc. Auteur: [&hellip;]<\/p>\n","protected":false},"author":1788,"featured_media":0,"comment_status":"closed","ping_status":"closed","sticky":false,"template":"","format":"standard","meta":{"fifu_image_url":"","fifu_image_alt":"","footnotes":""},"categories":[54,76],"tags":[],"class_list":["post-118135","post","type-post","status-publish","format-standard","hentry","category-maroc","category-regions"],"_links":{"self":[{"href":"https:\/\/linitiative.ca\/International\/wp-json\/wp\/v2\/posts\/118135","targetHints":{"allow":["GET"]}}],"collection":[{"href":"https:\/\/linitiative.ca\/International\/wp-json\/wp\/v2\/posts"}],"about":[{"href":"https:\/\/linitiative.ca\/International\/wp-json\/wp\/v2\/types\/post"}],"author":[{"embeddable":true,"href":"https:\/\/linitiative.ca\/International\/wp-json\/wp\/v2\/users\/1788"}],"replies":[{"embeddable":true,"href":"https:\/\/linitiative.ca\/International\/wp-json\/wp\/v2\/comments?post=118135"}],"version-history":[{"count":0,"href":"https:\/\/linitiative.ca\/International\/wp-json\/wp\/v2\/posts\/118135\/revisions"}],"wp:attachment":[{"href":"https:\/\/linitiative.ca\/International\/wp-json\/wp\/v2\/media?parent=118135"}],"wp:term":[{"taxonomy":"category","embeddable":true,"href":"https:\/\/linitiative.ca\/International\/wp-json\/wp\/v2\/categories?post=118135"},{"taxonomy":"post_tag","embeddable":true,"href":"https:\/\/linitiative.ca\/International\/wp-json\/wp\/v2\/tags?post=118135"}],"curies":[{"name":"wp","href":"https:\/\/api.w.org\/{rel}","templated":true}]}}