{"id":118136,"date":"2021-06-06T20:02:30","date_gmt":"2021-06-07T00:02:30","guid":{"rendered":"https:\/\/linitiative.ca\/International\/700-enfants-beneficient-du-projet-jamais-sans-mon-alarme\/"},"modified":"2021-06-06T20:02:30","modified_gmt":"2021-06-07T00:02:30","slug":"700-enfants-beneficient-du-projet-jamais-sans-mon-alarme","status":"publish","type":"post","link":"https:\/\/linitiative.ca\/International\/700-enfants-beneficient-du-projet-jamais-sans-mon-alarme\/","title":{"rendered":"700 enfants b\u00e9n\u00e9ficient du projet \u00ab\u00a0Jamais sans mon alarme\u00a0\u00bb"},"content":{"rendered":"<div readability=\"42\">\n<p>Marrakech \u2013 Quelque 700 enfants ont b\u00e9n\u00e9fici\u00e9 r\u00e9cemment \u00e0 Marrakech, d\u2019une op\u00e9ration de distribution d\u2019alarme de poche d\u2019autod\u00e9fense, qui leur permettent, en cas de danger, de d\u00e9clencher une sir\u00e8ne de 120 d\u00e9cibels, audible \u00e0 plus de 600 m\u00e8tres, dans le but d\u2019attirer l\u2019attention aux alentours, effrayer l\u2019agresseur et le faire fuir par crainte d\u2019\u00eatre rep\u00e9r\u00e9.<\/p>\n<\/div>\n<div readability=\"115\">\n<p>Les associations \u00ab\u00a0Al Karam\u00a0\u00bb et \u00ab\u00a0Mekkil\u00a0\u00bb, porteuses de ce projet baptis\u00e9 \u00ab\u00a0Jamais sans mon alarme\u00a0\u00bb, ont ainsi proc\u00e9d\u00e9 \u00e0 la distribution de 700 alarmes de poche d\u2019autod\u00e9fense aux enfants internes et externes de l\u2019Association Al Karam, des enfants d\u2019\u00e9coles primaires, et des jeunes des \u00ab\u00a0Maisons de l\u2019\u00e9tudiant\u00a0\u00bb, qui sont les premiers b\u00e9n\u00e9ficiaires de cette op\u00e9ration pionni\u00e8re au niveau national, visant \u00e0 lutter contre le ph\u00e9nom\u00e8ne de la maltraitance faite aux enfants.<\/p>\n<p>Dans une d\u00e9claration \u00e0 la MAP \u00e0 cette occasion, Mme Meryem El Oufir, vice-pr\u00e9sidente de l\u2019association Mekkil, qui a pour vocation de militer en faveur de la protection de la m\u00e8re et de l\u2019enfant dans le monde rural au Maroc, a indiqu\u00e9 que 72 heures seulement apr\u00e8s le lancement de cette campagne, les r\u00e9sultats ont \u00e9t\u00e9 \u00ab\u00a0positifs\u00a0\u00bb \u00e9tant donn\u00e9 que l\u2019association \u00ab\u00a0Al Karam\u00a0\u00bb a re\u00e7u plusieurs appels d\u2019autres villes pour b\u00e9n\u00e9ficier de ces appareils.<\/p>\n<p>Dans ce contexte, cette militante associative a relev\u00e9 que cette campagne s\u2019\u00e9talera sur une semaine suppl\u00e9mentaire durant laquelle, elle sillonnera la ville de Safi, estimant que l\u2019op\u00e9ration requiert une mobilisation des ONGs, la soci\u00e9t\u00e9 civile, les \u00e9tablissements et les entreprises.<\/p>\n<p>Par ailleurs, elle a rappel\u00e9 que cette campagne de sensibilisation pionni\u00e8re est accompagn\u00e9e d\u2019une op\u00e9ration de distribution d\u2019alarmes de poche d\u2019autod\u00e9fense, qui ont pour missions de prot\u00e9ger les enfants contre les risques d\u2019agression, attirer l\u2019attention de la soci\u00e9t\u00e9, cr\u00e9er chez les parents un sentiment de qui\u00e9tude sur leurs enfants et tenter de dissuader le passage \u00e0 l\u2019acte de maltraitance.<\/p>\n<p>Le directeur g\u00e9n\u00e9ral de l\u2019association \u00ab\u00a0Al Karam\u00a0\u00bb pour la protection de l\u2019enfance, Mohamed Amine Mkika, a de son c\u00f4t\u00e9, relev\u00e9 que ce projet pilote, d\u00e9velopp\u00e9 en partenariat avec l\u2019association \u00ab\u00a0Mekkil\u00a0\u00bb, vise \u00e0 sensibiliser les enfants et toutes les composantes de la soci\u00e9t\u00e9 civile sur le ph\u00e9nom\u00e8ne de la violence contre les enfants.<\/p>\n<p>Dans une d\u00e9claration similaire, M. Mkika a soulign\u00e9 que ce projet pionnier dans la cit\u00e9 ocre rentre dans le cadre de la c\u00e9l\u00e9bration de la Journ\u00e9e internationale des enfants victimes innocentes de l\u2019agression (4 juin), indiquant que l\u2019association a adopt\u00e9 une approche participative et collective \u00e0 travers l\u2019int\u00e9gration des enfants en tant que cat\u00e9gorie concern\u00e9e par ce ph\u00e9nom\u00e8ne, pour qu\u2019ils participent \u00e0 l\u2019\u00e9laboration de leurs visions et la pr\u00e9sentation de leurs propositions.<\/p>\n<p>Dans le cadre de cette campagne, une table ronde a \u00e9t\u00e9 organis\u00e9e, articul\u00e9e autour des facteurs et des cons\u00e9quences li\u00e9s \u00e0 la violence faite aux enfants, des actions de pr\u00e9vention, des programmes cibl\u00e9s des institutions nationales\/r\u00e9gionales et des actions d\u2019ONG et d\u2019acteurs civils mobilis\u00e9s autour de la lutte contre ce fl\u00e9au, en plus d\u2019un atelier avec la participation des enfants durant lequel, ils ont exprim\u00e9 leurs visions sur les moyens susceptibles de lutter contre ce ph\u00e9nom\u00e8ne \u00e0 travers une s\u00e9rie de dessins.<\/p>\n<p>Initi\u00e9e sous le signe : \u00ab\u00a0Une alarme = une vie sauv\u00e9e\u00a0\u00bb, cette op\u00e9ration s\u2019inscrit dans le cadre des efforts visant \u00e0 pr\u00e9venir la violence \u00e0 l\u2019encontre des enfants en se concentrant sur l\u2019amont, pour tenter de dissuader le passage \u00e0 l\u2019acte.<\/p>\n<p>La violence faite aux enfants est l\u2019un des fl\u00e9aux les plus r\u00e9pandus dans le monde et demeure une r\u00e9alit\u00e9 quotidienne, rappelle-t-on.<\/p>\n<p>Selon l\u2019OMS, un milliard d\u2019enfants (\u00e2g\u00e9s de 2 \u00e0 17 ans) ont subi des actes de violence en 2018, avec des r\u00e9percussions d\u00e9vastatrices sur leur sant\u00e9 et leur \u00e9quilibre mental comme sur la soci\u00e9t\u00e9 toute enti\u00e8re, rappellent les deux ONG Mekkil\u2019 et Al Karam.<\/p>\n<\/div>\n<p>Auteur: Meriem IGASS<br \/>\n<a href=\"http:\/\/www.mapmarrakech.ma\/fr\/700-enfants-beneficient-du-projet-jamais-sans-mon-alarme\/\">Cliquez ici pour lire l&rsquo;article depuis sa source.<\/a><\/p>\n","protected":false},"excerpt":{"rendered":"<p>Marrakech \u2013 Quelque 700 enfants ont b\u00e9n\u00e9fici\u00e9 r\u00e9cemment \u00e0 Marrakech, d\u2019une op\u00e9ration de distribution d\u2019alarme de poche d\u2019autod\u00e9fense, qui leur permettent, en cas de danger, de d\u00e9clencher une sir\u00e8ne de 120 d\u00e9cibels, audible \u00e0 plus de 600 m\u00e8tres, dans le but d\u2019attirer l\u2019attention aux alentours, effrayer l\u2019agresseur et le faire fuir par crainte d\u2019\u00eatre rep\u00e9r\u00e9. [&hellip;]<\/p>\n","protected":false},"author":1788,"featured_media":0,"comment_status":"closed","ping_status":"closed","sticky":false,"template":"","format":"standard","meta":{"fifu_image_url":"","fifu_image_alt":"","footnotes":""},"categories":[54,76],"tags":[],"class_list":["post-118136","post","type-post","status-publish","format-standard","hentry","category-maroc","category-regions"],"_links":{"self":[{"href":"https:\/\/linitiative.ca\/International\/wp-json\/wp\/v2\/posts\/118136","targetHints":{"allow":["GET"]}}],"collection":[{"href":"https:\/\/linitiative.ca\/International\/wp-json\/wp\/v2\/posts"}],"about":[{"href":"https:\/\/linitiative.ca\/International\/wp-json\/wp\/v2\/types\/post"}],"author":[{"embeddable":true,"href":"https:\/\/linitiative.ca\/International\/wp-json\/wp\/v2\/users\/1788"}],"replies":[{"embeddable":true,"href":"https:\/\/linitiative.ca\/International\/wp-json\/wp\/v2\/comments?post=118136"}],"version-history":[{"count":0,"href":"https:\/\/linitiative.ca\/International\/wp-json\/wp\/v2\/posts\/118136\/revisions"}],"wp:attachment":[{"href":"https:\/\/linitiative.ca\/International\/wp-json\/wp\/v2\/media?parent=118136"}],"wp:term":[{"taxonomy":"category","embeddable":true,"href":"https:\/\/linitiative.ca\/International\/wp-json\/wp\/v2\/categories?post=118136"},{"taxonomy":"post_tag","embeddable":true,"href":"https:\/\/linitiative.ca\/International\/wp-json\/wp\/v2\/tags?post=118136"}],"curies":[{"name":"wp","href":"https:\/\/api.w.org\/{rel}","templated":true}]}}