{"id":118140,"date":"2021-06-06T17:06:52","date_gmt":"2021-06-06T21:06:52","guid":{"rendered":"https:\/\/linitiative.ca\/International\/reprise-des-vols-de-et-vers-le-maroc-a-compter-du-mardi-15-juin\/"},"modified":"2021-06-06T17:06:52","modified_gmt":"2021-06-06T21:06:52","slug":"reprise-des-vols-de-et-vers-le-maroc-a-compter-du-mardi-15-juin","status":"publish","type":"post","link":"https:\/\/linitiative.ca\/International\/reprise-des-vols-de-et-vers-le-maroc-a-compter-du-mardi-15-juin\/","title":{"rendered":"Reprise des vols de et vers le Maroc \u00e0 compter du mardi 15 juin"},"content":{"rendered":"<p class=\"c4\">Les autorit\u00e9s marocaines ont d\u00e9cid\u00e9 la reprise des vols de et vers le Royaume \u00e0 compter du mardi 15 juin 2021, a annonc\u00e9, dimanche, le minist\u00e8re des Affaires \u00e9trang\u00e8res, de la Coop\u00e9ration africaine et des Marocains r\u00e9sidant \u00e0 l\u2019\u00e9tranger, soulignant que ces vols s\u2019effectueront dans le cadre d\u2019autorisations exceptionnelles vu que l\u2019espace a\u00e9rien marocain est toujours ferm\u00e9.<\/p>\n<p class=\"c4\">\u00ab\u00a0Sur la base des indicateurs positifs de la situation \u00e9pid\u00e9miologique dans le Royaume du Maroc et de la baisse du nombre des cas d\u2019infections au nouveau coronavirus, notamment apr\u00e8s l\u2019\u00e9largissement des campagnes de vaccination dans notre pays, les autorit\u00e9s marocaines ont pris de nouvelles mesures progressives afin d\u2019assouplir les restrictions sur le d\u00e9placement des voyageurs d\u00e9sirant acc\u00e9der au territoire national\u00a0\u00bb, a pr\u00e9cis\u00e9 le minist\u00e8re dans un communiqu\u00e9.<\/p>\n<p class=\"c4\">Ces mesures visent \u00e0 faciliter le retour des Marocains r\u00e9sidant \u00e0 l\u2019\u00e9tranger \u00e0 la Patrie, a ajout\u00e9 la m\u00eame source.<\/p>\n<p class=\"c4\">Le minist\u00e8re a fait savoir que \u00ab\u00a0cette op\u00e9ration se d\u00e9roulera selon une approche qui allie ouverture progressive \u2013 en tenant compte de l\u2019\u00e9volution de la situation \u00e9pid\u00e9miologique nationale et internationale \u2013 et pr\u00e9servation des acquis r\u00e9alis\u00e9s par notre pays pour endiguer la propagation du coronavirus\u00a0\u00bb.<\/p>\n<p class=\"c4\">Dans ce cadre, il a \u00e9t\u00e9 proc\u00e9d\u00e9 \u00e0 la classification des pays en deux listes, conform\u00e9ment aux recommandations du minist\u00e8re de la Sant\u00e9, sur la base des donn\u00e9es \u00e9pid\u00e9miologiques officielles publi\u00e9es par l\u2019Organisation Mondiale de la Sant\u00e9 (OMS) ou par ces pays eux-m\u00eames via leurs sites web officiels.<\/p>\n<p class=\"c4\">La liste \u00ab\u00a0A\u00a0\u00bb comprend tous les pays ayant des indicateurs positifs en ce qui concerne le contr\u00f4le de la situation \u00e9pid\u00e9miologique, en particulier la propagation des variantes du virus.<\/p>\n<p class=\"c4\">Ainsi, les voyageurs en provenance de ces pays \u2013 qu\u2019ils soient des ressortissants marocains, des \u00e9trangers \u00e9tablis au Maroc, ou des citoyens de ces pays ou \u00e9trangers y r\u00e9sidant \u2013 peuvent avoir acc\u00e8s au territoire marocain s\u2019ils disposent d\u2019un certificat de vaccination et\/ou d\u2019un r\u00e9sultat n\u00e9gatif d\u2019un test PCR d\u2019au moins 48 heures de la date d\u2019entr\u00e9e au territoire national.<\/p>\n<p class=\"c4\">Les titulaires des certificats de vaccination \u00e9trangers b\u00e9n\u00e9ficieront des m\u00eames avantages accord\u00e9s par le certificat de vaccination marocain aux citoyens marocains sur le territoire national, a indiqu\u00e9 le minist\u00e8re.<\/p>\n<p class=\"c4\">Quant \u00e0 la liste \u00ab\u00a0B\u00a0\u00bb, elle se veut une liste restrictive de l\u2019ensemble des pays non concern\u00e9s par les mesures d\u2019all\u00e8gement contenues dans la liste \u00ab\u00a0A\u00a0\u00bb, et qui connaissent une propagation des variantes ou l\u2019absence de statistiques pr\u00e9cises sur la situation \u00e9pid\u00e9miologique.<\/p>\n<p class=\"c4\">Les voyageurs en provenance des pays figurant sur cette liste doivent obtenir des autorisations exceptionnelles avant de voyager, pr\u00e9senter un test PCR n\u00e9gatif de moins de 48 heures de la date d\u2019entr\u00e9e au territoire national, puis se soumettre \u00e0 un isolement sanitaire de 10 jours.<\/p>\n<p class=\"c4\">Les listes \u00ab\u00a0A\u00a0\u00bb et \u00ab\u00a0B\u00a0\u00bb seront publi\u00e9es de mani\u00e8re r\u00e9guli\u00e8re sur les sites \u00e9lectroniques des minist\u00e8res charg\u00e9s des Affaires \u00e9trang\u00e8res, de la Sant\u00e9 et du Tourisme, a fait savoir la m\u00eame source, notant que les deux listes seront actualis\u00e9es r\u00e9guli\u00e8rement au moins deux fois par mois selon le besoin.<\/p>\n<p class=\"c4\">Concernant le retour des Marocains r\u00e9sidant \u00e0 l\u2019\u00e9tranger par voie maritime, dans le cadre de l\u2019op\u00e9ration \u00ab\u00a0Marhaba 2021\u00a0\u00bb, il aura lieu \u00e0 partir des m\u00eames points de transit maritime de l\u2019ann\u00e9e derni\u00e8re conform\u00e9ment aux conditions sanitaires cit\u00e9es ci-haut, sachant qu\u2019en plus du test PCR pr\u00e9sent\u00e9 lors de l\u2019embarquement, les voyageurs subiront un autre test \u00e0 bord et ce, pour assurer le maximum de s\u00e9curit\u00e9 sanitaire pour eux et pour leurs proches.<\/p>\n<p class=\"c4\">La liste A contient les Etats membres de l\u2019Organisation des Nations Unies qui ne sont pas mentionn\u00e9s dans la liste B.<\/p>\n<p class=\"c4\">La liste B compte l\u2019Afghanistan, l\u2019Alg\u00e9rie, l\u2019Angola, l\u2019Argentine, le Bahre\u00efn, le Bangladesh, le B\u00e9nin, la Bolivie, le Botswana, le Br\u00e9sil, le Cambodge, le Cameroun, le Cap Vert, le Chili, la Colombie, le Congo, Congo (RDC), Cuba, les Emirats Arabes Unis, Eswatini, Guatemala, Ha\u00efti, Honduras, l\u2019Inde, l\u2019Indon\u00e9sie, l\u2019Iran, l\u2019Irak, la Jama\u00efque, le Kazakhstan, le Kenya, le Kuwe\u00eft, Lesotho, Lettonie, Liberia, la Lituanie, Madagascar, la Malaisie, le Malawi, les Maldives, Mali, les Iles Maurice, le Mexique, la Namibie, le N\u00e9pal, le Nicaragua, le Niger, Oman, Ouganda, le Pakistan, Panama, le Paraguay, le P\u00e9rou, Qatar, la R\u00e9publique Centraficaine, la R\u00e9publique D\u00e9mocratique Populaire de Cor\u00e9e (Nord), les Seychelles, le Sierra Leone, la Somalie, le Soudan, l\u2019Afrique du Sud, le Sri Lanka, le Sud Soudan, la Syrie, la Tanzanie, Tchad, Tha\u00eflande, Togo, l\u2019Ukraine, l\u2019Uruguay, le Venezuela, le Vietnam, le Y\u00e9men, la Zambie et le Zimbabwe.<\/p>\n<p>Auteur: Soufiane ELAHMAR<br \/>\n<a href=\"http:\/\/www.mapoujda.ma\/fr\/reprise-des-vols-de-et-vers-le-maroc-a-compter-du-mardi-15-juin\/\">Cliquez ici pour lire l&rsquo;article depuis sa source.<\/a><\/p>\n","protected":false},"excerpt":{"rendered":"<p>Les autorit\u00e9s marocaines ont d\u00e9cid\u00e9 la reprise des vols de et vers le Royaume \u00e0 compter du mardi 15 juin 2021, a annonc\u00e9, dimanche, le minist\u00e8re des Affaires \u00e9trang\u00e8res, de la Coop\u00e9ration africaine et des Marocains r\u00e9sidant \u00e0 l\u2019\u00e9tranger, soulignant que ces vols s\u2019effectueront dans le cadre d\u2019autorisations exceptionnelles vu que l\u2019espace a\u00e9rien marocain est [&hellip;]<\/p>\n","protected":false},"author":1788,"featured_media":0,"comment_status":"closed","ping_status":"closed","sticky":false,"template":"","format":"standard","meta":{"fifu_image_url":"","fifu_image_alt":"","footnotes":""},"categories":[54,76],"tags":[],"class_list":["post-118140","post","type-post","status-publish","format-standard","hentry","category-maroc","category-regions"],"_links":{"self":[{"href":"https:\/\/linitiative.ca\/International\/wp-json\/wp\/v2\/posts\/118140","targetHints":{"allow":["GET"]}}],"collection":[{"href":"https:\/\/linitiative.ca\/International\/wp-json\/wp\/v2\/posts"}],"about":[{"href":"https:\/\/linitiative.ca\/International\/wp-json\/wp\/v2\/types\/post"}],"author":[{"embeddable":true,"href":"https:\/\/linitiative.ca\/International\/wp-json\/wp\/v2\/users\/1788"}],"replies":[{"embeddable":true,"href":"https:\/\/linitiative.ca\/International\/wp-json\/wp\/v2\/comments?post=118140"}],"version-history":[{"count":0,"href":"https:\/\/linitiative.ca\/International\/wp-json\/wp\/v2\/posts\/118140\/revisions"}],"wp:attachment":[{"href":"https:\/\/linitiative.ca\/International\/wp-json\/wp\/v2\/media?parent=118140"}],"wp:term":[{"taxonomy":"category","embeddable":true,"href":"https:\/\/linitiative.ca\/International\/wp-json\/wp\/v2\/categories?post=118140"},{"taxonomy":"post_tag","embeddable":true,"href":"https:\/\/linitiative.ca\/International\/wp-json\/wp\/v2\/tags?post=118140"}],"curies":[{"name":"wp","href":"https:\/\/api.w.org\/{rel}","templated":true}]}}