{"id":118141,"date":"2021-06-07T09:01:39","date_gmt":"2021-06-07T13:01:39","guid":{"rendered":"https:\/\/linitiative.ca\/International\/une-caravane-medicale-en-ophtalmologie-au-profit-des-anciens-combattants\/"},"modified":"2021-06-07T09:01:39","modified_gmt":"2021-06-07T13:01:39","slug":"une-caravane-medicale-en-ophtalmologie-au-profit-des-anciens-combattants","status":"publish","type":"post","link":"https:\/\/linitiative.ca\/International\/une-caravane-medicale-en-ophtalmologie-au-profit-des-anciens-combattants\/","title":{"rendered":"Une caravane m\u00e9dicale en ophtalmologie au profit des anciens combattants"},"content":{"rendered":"<p class=\"c4\">La Maison de l\u2019\u00e9tudiante \u00e0 Guercif a accueilli, dimanche et lundi, une caravane m\u00e9dicale en ophtalmologie, au profit de 683 membres de la famille des anciens combattants et anciens militaires, dont 220 veuves.<\/p>\n<p class=\"c4\">Cette initiative, organis\u00e9e par l\u2019Association nationale des anciens combattants et anciens militaires \u2013 section de Guercif, sous la supervision de la pr\u00e9fecture de la province de Guercif et en partenariat avec la d\u00e9l\u00e9gation provinciale de la Sant\u00e9 et la Fondation Al Hayat-section d\u2019Oujda, a permis \u00e0 cette cat\u00e9gorie de b\u00e9n\u00e9ficier de consultations m\u00e9dicales n\u00e9cessaires en ophtalmologie.<\/p>\n<p class=\"c4\">Dans une d\u00e9claration \u00e0 la MAP, le d\u00e9l\u00e9gu\u00e9 provincial de la Sant\u00e9, Hicham Alaoui Ismaili, a indiqu\u00e9 que cette caravane s\u2019inscrit dans le cadre des efforts continus men\u00e9s par la D\u00e9l\u00e9gation en collaboration avec l\u2019ensemble des partenaires, en vue d\u2019am\u00e9liorer les services de sant\u00e9 et d\u2019assurer l\u2019acc\u00e8s de l\u2019ensemble des citoyens \u00e0 ces prestations.<\/p>\n<p class=\"c4\">La caravane a port\u00e9 sur la mesure de la myopie et la correction de la vue, en plus du diagnostic des maladies n\u00e9cessitant une intervention chirurgicale, comme la cataracte, a-t-il pr\u00e9cis\u00e9, notant que cette initiative a permis de r\u00e9duire le nombre des patients inscrits sur la liste d\u2019attente \u00e0 l\u2019h\u00f4pital provincial de Guercif.<\/p>\n<p class=\"c4\">M. Ismaili a \u00e9galement mis en exergue le r\u00f4le important jou\u00e9 par les associations de la soci\u00e9t\u00e9 civile dans le domaine de la sant\u00e9, saluant les efforts fournis par l\u2019Association nationale des anciens combattants et anciens militaires \u2013 section de Guercif, en vue d\u2019assurer le succ\u00e8s de cette caravane.<\/p>\n<p class=\"c4\">Il a aussi fait savoir que la d\u00e9l\u00e9gation organisera d\u2019autres caravanes, dont une consacr\u00e9e aux patients atteints de la cataracte, et une autre ax\u00e9e sur les maladies cardiovasculaires.<\/p>\n<p class=\"c4\">De son c\u00f4t\u00e9, le secr\u00e9taire provincial de l\u2019Association nationale des anciens combattants et anciens militaires, Mohamed Harmouch, a soulign\u00e9 que cette caravane a contribu\u00e9 au rapprochement des services de sant\u00e9 de cette cat\u00e9gorie, et mis fin \u00e0 leur attente d\u2019un rendez-vous m\u00e9dical.<\/p>\n<p>Auteur: Soufiane ELAHMAR<br \/>\n<a href=\"http:\/\/www.mapoujda.ma\/fr\/une-caravane-medicale-en-ophtalmologie-au-profit-des-anciens-combattants\/\">Cliquez ici pour lire l&rsquo;article depuis sa source.<\/a><\/p>\n","protected":false},"excerpt":{"rendered":"<p>La Maison de l\u2019\u00e9tudiante \u00e0 Guercif a accueilli, dimanche et lundi, une caravane m\u00e9dicale en ophtalmologie, au profit de 683 membres de la famille des anciens combattants et anciens militaires, dont 220 veuves. Cette initiative, organis\u00e9e par l\u2019Association nationale des anciens combattants et anciens militaires \u2013 section de Guercif, sous la supervision de la pr\u00e9fecture [&hellip;]<\/p>\n","protected":false},"author":1788,"featured_media":0,"comment_status":"closed","ping_status":"closed","sticky":false,"template":"","format":"standard","meta":{"fifu_image_url":"","fifu_image_alt":"","footnotes":""},"categories":[54,76],"tags":[],"class_list":["post-118141","post","type-post","status-publish","format-standard","hentry","category-maroc","category-regions"],"_links":{"self":[{"href":"https:\/\/linitiative.ca\/International\/wp-json\/wp\/v2\/posts\/118141","targetHints":{"allow":["GET"]}}],"collection":[{"href":"https:\/\/linitiative.ca\/International\/wp-json\/wp\/v2\/posts"}],"about":[{"href":"https:\/\/linitiative.ca\/International\/wp-json\/wp\/v2\/types\/post"}],"author":[{"embeddable":true,"href":"https:\/\/linitiative.ca\/International\/wp-json\/wp\/v2\/users\/1788"}],"replies":[{"embeddable":true,"href":"https:\/\/linitiative.ca\/International\/wp-json\/wp\/v2\/comments?post=118141"}],"version-history":[{"count":0,"href":"https:\/\/linitiative.ca\/International\/wp-json\/wp\/v2\/posts\/118141\/revisions"}],"wp:attachment":[{"href":"https:\/\/linitiative.ca\/International\/wp-json\/wp\/v2\/media?parent=118141"}],"wp:term":[{"taxonomy":"category","embeddable":true,"href":"https:\/\/linitiative.ca\/International\/wp-json\/wp\/v2\/categories?post=118141"},{"taxonomy":"post_tag","embeddable":true,"href":"https:\/\/linitiative.ca\/International\/wp-json\/wp\/v2\/tags?post=118141"}],"curies":[{"name":"wp","href":"https:\/\/api.w.org\/{rel}","templated":true}]}}