{"id":118143,"date":"2021-06-07T11:32:23","date_gmt":"2021-06-07T15:32:23","guid":{"rendered":"https:\/\/linitiative.ca\/International\/covid-plus-de-6-millions-de-personnes-ont-recu-les-deux-doses\/"},"modified":"2021-06-07T11:32:23","modified_gmt":"2021-06-07T15:32:23","slug":"covid-plus-de-6-millions-de-personnes-ont-recu-les-deux-doses","status":"publish","type":"post","link":"https:\/\/linitiative.ca\/International\/covid-plus-de-6-millions-de-personnes-ont-recu-les-deux-doses\/","title":{"rendered":"Covid: Plus de 6 millions de personnes ont re\u00e7u les deux doses"},"content":{"rendered":"<p class=\"rtejustify\">Un total de <strong>104<\/strong> nouveaux cas d&rsquo;infection au coronavirus et de <strong>194<\/strong> gu\u00e9risons a \u00e9t\u00e9 enregistr\u00e9 au Maroc au cours des derni\u00e8res 24 heures, a indiqu\u00e9 lundi le minist\u00e8re de la Sant\u00e9. Le nombre de personnes ayant re\u00e7u la premi\u00e8re dose du vaccin a atteint <strong>9.216.223<\/strong>, a soulign\u00e9 le minist\u00e8re dans son bulletin quotidien sur la situation de la pand\u00e9mie de Covid-19, notant que les personnes compl\u00e8tement vaccin\u00e9es (1\u00e8re et 2\u00e8me doses) sont au nombre de <strong>6.163.970<\/strong>. Au total, plus de <strong>372.000<\/strong> nouvelles doses ont \u00e9t\u00e9 administr\u00e9es.<\/p>\n<p class=\"rtejustify\">Les nouveaux cas d&rsquo;infection portent \u00e0\u00a0<strong>521.530<\/strong> le nombre total des contaminations depuis le premier cas signal\u00e9 en mars 2020, tandis que le nombre des personnes r\u00e9tablies est pass\u00e9 \u00e0 <strong>509.277<\/strong>, soit un taux de gu\u00e9rison de 97,7%. En outre, le nombre total de d\u00e9c\u00e8s atteint\u00a0<strong>9.181<\/strong> avec <strong>3<\/strong> nouveaux cas durant les derni\u00e8res 24 heures. Par ailleurs, les cas actifs sont au nombre de <strong>3.072<\/strong>, tandis que les cas s\u00e9v\u00e8res ou critiques ont atteint <strong>212<\/strong>, dont\u00a0<strong>7<\/strong> plac\u00e9s sous intubation et\u00a0<strong>85<\/strong> sous ventilation non invasive.<\/p>\n<blockquote readability=\"4.75\">\n<p class=\"rtejustify\"><strong>Pour plus de d\u00e9tails, voir l&rsquo;\u00e9volution en temps r\u00e9el de l&rsquo;\u00e9pid\u00e9mie sur <a href=\"https:\/\/www.leconomiste.com\/covid19\/\">https:\/\/www.leconomiste.com\/covid19\/<\/a><\/strong><\/p>\n<\/blockquote>\n<p>Auteur: hgueye<br \/>\n<a href=\"https:\/\/www.leconomiste.com\/flash-infos\/covid-millions-de-personnes-vaccinees-2\">Cliquez ici pour lire l&rsquo;article depuis sa source.<\/a><\/p>\n","protected":false},"excerpt":{"rendered":"<p>Un total de 104 nouveaux cas d&rsquo;infection au coronavirus et de 194 gu\u00e9risons a \u00e9t\u00e9 enregistr\u00e9 au Maroc au cours des derni\u00e8res 24 heures, a indiqu\u00e9 lundi le minist\u00e8re de la Sant\u00e9. Le nombre de personnes ayant re\u00e7u la premi\u00e8re dose du vaccin a atteint 9.216.223, a soulign\u00e9 le minist\u00e8re dans son bulletin quotidien sur [&hellip;]<\/p>\n","protected":false},"author":1763,"featured_media":0,"comment_status":"closed","ping_status":"closed","sticky":false,"template":"","format":"standard","meta":{"fifu_image_url":"","fifu_image_alt":"","footnotes":""},"categories":[78,54],"tags":[],"class_list":["post-118143","post","type-post","status-publish","format-standard","hentry","category-economie","category-maroc"],"_links":{"self":[{"href":"https:\/\/linitiative.ca\/International\/wp-json\/wp\/v2\/posts\/118143","targetHints":{"allow":["GET"]}}],"collection":[{"href":"https:\/\/linitiative.ca\/International\/wp-json\/wp\/v2\/posts"}],"about":[{"href":"https:\/\/linitiative.ca\/International\/wp-json\/wp\/v2\/types\/post"}],"author":[{"embeddable":true,"href":"https:\/\/linitiative.ca\/International\/wp-json\/wp\/v2\/users\/1763"}],"replies":[{"embeddable":true,"href":"https:\/\/linitiative.ca\/International\/wp-json\/wp\/v2\/comments?post=118143"}],"version-history":[{"count":0,"href":"https:\/\/linitiative.ca\/International\/wp-json\/wp\/v2\/posts\/118143\/revisions"}],"wp:attachment":[{"href":"https:\/\/linitiative.ca\/International\/wp-json\/wp\/v2\/media?parent=118143"}],"wp:term":[{"taxonomy":"category","embeddable":true,"href":"https:\/\/linitiative.ca\/International\/wp-json\/wp\/v2\/categories?post=118143"},{"taxonomy":"post_tag","embeddable":true,"href":"https:\/\/linitiative.ca\/International\/wp-json\/wp\/v2\/tags?post=118143"}],"curies":[{"name":"wp","href":"https:\/\/api.w.org\/{rel}","templated":true}]}}