{"id":118144,"date":"2021-06-07T11:34:02","date_gmt":"2021-06-07T15:34:02","guid":{"rendered":"https:\/\/linitiative.ca\/International\/attaques-meurtrieres-au-burkina-le-maroc-condamne\/"},"modified":"2021-06-07T11:34:02","modified_gmt":"2021-06-07T15:34:02","slug":"attaques-meurtrieres-au-burkina-le-maroc-condamne","status":"publish","type":"post","link":"https:\/\/linitiative.ca\/International\/attaques-meurtrieres-au-burkina-le-maroc-condamne\/","title":{"rendered":"Attaques meurtri\u00e8res au Burkina: Le Maroc condamne"},"content":{"rendered":"<p class=\"rtejustify\">Le Maroc a condamn\u00e9 \u00ab\u00a0vivement\u00a0\u00bb les attaques terroristes \u00ab\u00a0ignobles\u00a0\u00bb, qui ont vis\u00e9 le Nord du Burkina Faso, \u00e0 Solhan, dans la nuit du 4 au 5 juin, faisant 160 victimes civiles innocentes.<\/p>\n<p class=\"rtejustify\">Dans un message adress\u00e9 au ministre des Affaires \u00c9trang\u00e8res, de l&rsquo;Int\u00e9gration Africaine et des Burkinab\u00e8 de l&rsquo;Ext\u00e9rieur, M. Alpha Barry, le ministre des Affaires \u00c9trang\u00e8res, de la Coop\u00e9ration africaine et des Marocains r\u00e9sidant \u00e0 l\u2019\u00e9tranger, M. Nasser Bourita affirme avoir appris avec une profonde affliction la triste nouvelle des attaques terroristes ignobles, qui ont vis\u00e9 le Nord du Burkina Faso, \u00e0 Solhan, faisant 160 victimes civiles innocentes et causant l&rsquo;incendie de plusieurs habitations et du march\u00e9 local de cette localit\u00e9.<\/p>\n<p class=\"rtejustify\">\u00ab\u00a0Devant cette agression l\u00e2che, le Royaume du Maroc condamne vivement cet acte terroriste abject, qui est rejet\u00e9 par toutes les religions et les valeurs humanistes universelles\u00a0\u00bb, \u00e9crit le che de la diplomatie marocaine.<\/p>\n<p>Auteur: hgueye<br \/>\n<a href=\"https:\/\/www.leconomiste.com\/flash-infos\/attaques-meurtrieres-au-burkina-le-maroc-condamne\">Cliquez ici pour lire l&rsquo;article depuis sa source.<\/a><\/p>\n","protected":false},"excerpt":{"rendered":"<p>Le Maroc a condamn\u00e9 \u00ab\u00a0vivement\u00a0\u00bb les attaques terroristes \u00ab\u00a0ignobles\u00a0\u00bb, qui ont vis\u00e9 le Nord du Burkina Faso, \u00e0 Solhan, dans la nuit du 4 au 5 juin, faisant 160 victimes civiles innocentes. Dans un message adress\u00e9 au ministre des Affaires \u00c9trang\u00e8res, de l&rsquo;Int\u00e9gration Africaine et des Burkinab\u00e8 de l&rsquo;Ext\u00e9rieur, M. Alpha Barry, le ministre des [&hellip;]<\/p>\n","protected":false},"author":1763,"featured_media":0,"comment_status":"closed","ping_status":"closed","sticky":false,"template":"","format":"standard","meta":{"fifu_image_url":"","fifu_image_alt":"","footnotes":""},"categories":[78,54],"tags":[],"class_list":["post-118144","post","type-post","status-publish","format-standard","hentry","category-economie","category-maroc"],"_links":{"self":[{"href":"https:\/\/linitiative.ca\/International\/wp-json\/wp\/v2\/posts\/118144","targetHints":{"allow":["GET"]}}],"collection":[{"href":"https:\/\/linitiative.ca\/International\/wp-json\/wp\/v2\/posts"}],"about":[{"href":"https:\/\/linitiative.ca\/International\/wp-json\/wp\/v2\/types\/post"}],"author":[{"embeddable":true,"href":"https:\/\/linitiative.ca\/International\/wp-json\/wp\/v2\/users\/1763"}],"replies":[{"embeddable":true,"href":"https:\/\/linitiative.ca\/International\/wp-json\/wp\/v2\/comments?post=118144"}],"version-history":[{"count":0,"href":"https:\/\/linitiative.ca\/International\/wp-json\/wp\/v2\/posts\/118144\/revisions"}],"wp:attachment":[{"href":"https:\/\/linitiative.ca\/International\/wp-json\/wp\/v2\/media?parent=118144"}],"wp:term":[{"taxonomy":"category","embeddable":true,"href":"https:\/\/linitiative.ca\/International\/wp-json\/wp\/v2\/categories?post=118144"},{"taxonomy":"post_tag","embeddable":true,"href":"https:\/\/linitiative.ca\/International\/wp-json\/wp\/v2\/tags?post=118144"}],"curies":[{"name":"wp","href":"https:\/\/api.w.org\/{rel}","templated":true}]}}