{"id":118146,"date":"2021-06-07T12:19:31","date_gmt":"2021-06-07T16:19:31","guid":{"rendered":"https:\/\/linitiative.ca\/International\/sg-maroc-lance-sa-radio-interne\/"},"modified":"2021-06-07T12:19:31","modified_gmt":"2021-06-07T16:19:31","slug":"sg-maroc-lance-sa-radio-interne","status":"publish","type":"post","link":"https:\/\/linitiative.ca\/International\/sg-maroc-lance-sa-radio-interne\/","title":{"rendered":"SG Maroc lance sa radio interne"},"content":{"rendered":"<p class=\"rtejustify\">Soci\u00e9t\u00e9 G\u00e9n\u00e9rale Maroc vient de lancer \u00ab\u00a0Antoum Radio\u00a0\u00bb, son nouveau canal de communication interne afin de promouvoir l\u2019actualit\u00e9 de la banque et renforcer les liens entre ses collaborateurs.<\/p>\n<p class=\"rtejustify\">\u00ab\u00a0Cette radio permettra d\u2019accompagner et de valoriser les parcours des collaborateurs, leur apport et leur quotidien\u00a0\u00bb, indique la banque, ajoutant qu\u2019elle traitera notamment de l\u2019actualit\u00e9 de Soci\u00e9t\u00e9 G\u00e9n\u00e9rale Maroc, de la valorisation des m\u00e9tiers, des th\u00e9matiques RH ainsi que du bien-\u00eatre des collaborateurs. Le volet divertissement ne sera pas en reste. Des \u00e9missions interactives avec des podcasts seront ainsi propos\u00e9es par \u00ab\u00a0Antoum Radio\u00a0\u00bb.<\/p>\n<p>Auteur: hgueye<br \/>\n<a href=\"https:\/\/www.leconomiste.com\/flash-infos\/sg-maroc-lance-sa-radio-interne\">Cliquez ici pour lire l&rsquo;article depuis sa source.<\/a><\/p>\n","protected":false},"excerpt":{"rendered":"<p>Soci\u00e9t\u00e9 G\u00e9n\u00e9rale Maroc vient de lancer \u00ab\u00a0Antoum Radio\u00a0\u00bb, son nouveau canal de communication interne afin de promouvoir l\u2019actualit\u00e9 de la banque et renforcer les liens entre ses collaborateurs. \u00ab\u00a0Cette radio permettra d\u2019accompagner et de valoriser les parcours des collaborateurs, leur apport et leur quotidien\u00a0\u00bb, indique la banque, ajoutant qu\u2019elle traitera notamment de l\u2019actualit\u00e9 de Soci\u00e9t\u00e9 [&hellip;]<\/p>\n","protected":false},"author":1763,"featured_media":0,"comment_status":"closed","ping_status":"closed","sticky":false,"template":"","format":"standard","meta":{"fifu_image_url":"","fifu_image_alt":"","footnotes":""},"categories":[78,54],"tags":[],"class_list":["post-118146","post","type-post","status-publish","format-standard","hentry","category-economie","category-maroc"],"_links":{"self":[{"href":"https:\/\/linitiative.ca\/International\/wp-json\/wp\/v2\/posts\/118146","targetHints":{"allow":["GET"]}}],"collection":[{"href":"https:\/\/linitiative.ca\/International\/wp-json\/wp\/v2\/posts"}],"about":[{"href":"https:\/\/linitiative.ca\/International\/wp-json\/wp\/v2\/types\/post"}],"author":[{"embeddable":true,"href":"https:\/\/linitiative.ca\/International\/wp-json\/wp\/v2\/users\/1763"}],"replies":[{"embeddable":true,"href":"https:\/\/linitiative.ca\/International\/wp-json\/wp\/v2\/comments?post=118146"}],"version-history":[{"count":0,"href":"https:\/\/linitiative.ca\/International\/wp-json\/wp\/v2\/posts\/118146\/revisions"}],"wp:attachment":[{"href":"https:\/\/linitiative.ca\/International\/wp-json\/wp\/v2\/media?parent=118146"}],"wp:term":[{"taxonomy":"category","embeddable":true,"href":"https:\/\/linitiative.ca\/International\/wp-json\/wp\/v2\/categories?post=118146"},{"taxonomy":"post_tag","embeddable":true,"href":"https:\/\/linitiative.ca\/International\/wp-json\/wp\/v2\/tags?post=118146"}],"curies":[{"name":"wp","href":"https:\/\/api.w.org\/{rel}","templated":true}]}}