{"id":118147,"date":"2021-06-07T15:14:11","date_gmt":"2021-06-07T19:14:11","guid":{"rendered":"https:\/\/linitiative.ca\/International\/equipe-dalgerie-lentraineur-du-mali-felicite-belmadi-pour-la-victoire-malgre-le-but-refuse-pour-son-equipe\/"},"modified":"2021-06-07T15:14:11","modified_gmt":"2021-06-07T19:14:11","slug":"equipe-dalgerie-lentraineur-du-mali-felicite-belmadi-pour-la-victoire-malgre-le-but-refuse-pour-son-equipe","status":"publish","type":"post","link":"https:\/\/linitiative.ca\/International\/equipe-dalgerie-lentraineur-du-mali-felicite-belmadi-pour-la-victoire-malgre-le-but-refuse-pour-son-equipe\/","title":{"rendered":"Equipe d&rsquo;Alg\u00e9rie : L&rsquo;entraineur du Mali f\u00e9licite Belmadi pour la victoire malgr\u00e9 le but refus\u00e9 pour son \u00e9quipe"},"content":{"rendered":"<div readability=\"32\">\n<p>Auteur : <span class=\"time\">lundi 07 juin 2021 08:11<\/span><\/p>\n<\/div>\n<div id=\"post_core\" readability=\"37\">\n<p>L&rsquo;entraineur malien a ainsi d\u00e9clar\u00e9 \u00e0 l&rsquo;issue de la rencontre : \u00ab\u00a0Nous avons mis un dispositif en place qui a bien fonctionn\u00e9. Nous avons cr\u00e9\u00e9 quelques occasions de but que nous aurions d\u00fb concr\u00e9tiser si nous \u00e9tions plus matures. Je dirai que nous avons marqu\u00e9 un but valable refus\u00e9 par l\u2019arbitre pour une histoire de t\u00e9lescopage, mais c\u2019\u00e9tait entre deux joueurs alg\u00e9riens. Cependant, je tiens \u00e0 f\u00e9liciter Djamel Belmadi pour sa victoire.\u00a0\u00bb Des propos relay\u00e9s par Footafrique.com.<\/p>\n<p><strong>Publi\u00e9 dans :<\/strong> <span>Mali<\/span><\/p>\n<\/div>\n<p>Auteur:<br \/>\n<a href=\"http:\/\/www.lebuteur.com\/article\/detail?titre=lentraineur-du-mali-felicite-belmadi-pour-la-victoire-malgre-le-but-refuse-pour-son-equipe&#038;id=100301&#038;utm_source=feedburner&#038;utm_medium=feed&#038;utm_campaign=Feed%3A+GalerieFArtciles+%28Les+derniers+articles++-+lebuteur.com%29\">Cliquez ici pour lire l&rsquo;article depuis sa source.<\/a><\/p>\n","protected":false},"excerpt":{"rendered":"<p>Auteur : lundi 07 juin 2021 08:11 L&rsquo;entraineur malien a ainsi d\u00e9clar\u00e9 \u00e0 l&rsquo;issue de la rencontre : \u00ab\u00a0Nous avons mis un dispositif en place qui a bien fonctionn\u00e9. Nous avons cr\u00e9\u00e9 quelques occasions de but que nous aurions d\u00fb concr\u00e9tiser si nous \u00e9tions plus matures. Je dirai que nous avons marqu\u00e9 un but valable [&hellip;]<\/p>\n","protected":false},"author":1738,"featured_media":0,"comment_status":"closed","ping_status":"closed","sticky":false,"template":"","format":"standard","meta":{"fifu_image_url":"\/\/cdn.lebuteur.com\/data\/images\/article\/thumbs\/large-lentraineur-du-mali-felicite-belmadi-pour-la-victoire-60c9e.jpg","fifu_image_alt":"Equipe d'Alg\u00e9rie : L'entraineur du Mali f\u00e9licite Belmadi pour la victoire malgr\u00e9 le but refus\u00e9 pour son \u00e9quipe","footnotes":""},"categories":[53,75],"tags":[],"class_list":["post-118147","post","type-post","status-publish","format-standard","hentry","category-algerie","category-sport"],"_links":{"self":[{"href":"https:\/\/linitiative.ca\/International\/wp-json\/wp\/v2\/posts\/118147","targetHints":{"allow":["GET"]}}],"collection":[{"href":"https:\/\/linitiative.ca\/International\/wp-json\/wp\/v2\/posts"}],"about":[{"href":"https:\/\/linitiative.ca\/International\/wp-json\/wp\/v2\/types\/post"}],"author":[{"embeddable":true,"href":"https:\/\/linitiative.ca\/International\/wp-json\/wp\/v2\/users\/1738"}],"replies":[{"embeddable":true,"href":"https:\/\/linitiative.ca\/International\/wp-json\/wp\/v2\/comments?post=118147"}],"version-history":[{"count":0,"href":"https:\/\/linitiative.ca\/International\/wp-json\/wp\/v2\/posts\/118147\/revisions"}],"wp:attachment":[{"href":"https:\/\/linitiative.ca\/International\/wp-json\/wp\/v2\/media?parent=118147"}],"wp:term":[{"taxonomy":"category","embeddable":true,"href":"https:\/\/linitiative.ca\/International\/wp-json\/wp\/v2\/categories?post=118147"},{"taxonomy":"post_tag","embeddable":true,"href":"https:\/\/linitiative.ca\/International\/wp-json\/wp\/v2\/tags?post=118147"}],"curies":[{"name":"wp","href":"https:\/\/api.w.org\/{rel}","templated":true}]}}